{"id":1091,"date":"2013-03-27T00:00:00","date_gmt":"2013-03-27T05:00:00","guid":{"rendered":"http:\/\/dev.tremblantrestaurants.ca\/fin-de-semaine-de-paques-au-mont-tremblant\/"},"modified":"2018-06-22T10:32:05","modified_gmt":"2018-06-22T15:32:05","slug":"fin-de-semaine-de-paques-au-mont-tremblant","status":"publish","type":"post","link":"https:\/\/tremblantrestaurants.ca\/fr\/fin-de-semaine-de-paques-au-mont-tremblant\/","title":{"rendered":"Fin de Semaine de P\u00e2ques au Mont-Tremblant"},"content":{"rendered":"<p>Le Week-end de P\u00e2ques arrive \u00e0 grands pas. Puisqu\u2019il y a encore tant de neige et que les conditions de ski sont encore excellentes, nous nous attendons \u00e0 un week-end de P\u00e2ques tr\u00e8s occup\u00e9 ici dans la r\u00e9gion de Tremblant.<\/p>\n<p>Pour ceux d&rsquo;entre vous qui aiment un bon brunch de P\u00e2ques, cette ann\u00e9e, dimanche le 31 Mars, nous avons plusieurs options \u00e0 sugg\u00e9rer pour vous et votre famille. Voici notre Top 4 pour un Brunch de P\u00e2ques \u00e0 Tremblant:<\/p>\n<p>&nbsp;<\/p>\n<p><img loading=\"lazy\" decoding=\"async\" class=\"alignleft size-thumbnail wp-image-3426\" alt=\"celebration-18150_640\" src=\"http:\/\/dev.tremblantrestaurants.ca\/wp-content\/uploads\/2013\/03\/celebration-18150_640-150x150.jpg\" width=\"150\" height=\"150\" \/><a href=\"http:\/\/dev.tremblantrestaurants.ca\/fr\/windigo-fairmont\/\">Restaurant Le Windigo:<\/a><\/p>\n<p>Situ\u00e9 sur la station. Leur brunch d\u00e9butera \u00e0 11h30. Le stationnement valet est inclus avec votre repas si vous ne s\u00e9journez pas \u00e0 l&rsquo;h\u00f4tel. Il s&rsquo;agit d&rsquo;un buffet et il y aura m\u00eame une chasse aux \u0153ufs pour les enfants. Il est fortement recommand\u00e9 de r\u00e9server: <em>819-681-7685<\/em>.<\/p>\n<p>&nbsp;<\/p>\n<p>&nbsp;<\/p>\n<p>&nbsp;<\/p>\n<p><img loading=\"lazy\" decoding=\"async\" class=\"alignleft size-thumbnail wp-image-3424\" alt=\"easter-eggs-89831_640\" src=\"http:\/\/dev.tremblantrestaurants.ca\/wp-content\/uploads\/2013\/03\/easter-eggs-89831_640-150x150.jpg\" width=\"150\" height=\"150\" \/><a href=\"http:\/\/dev.tremblantrestaurants.ca\/fr\/la-quintessence\/\">Le Quintessence<\/a><\/p>\n<p>\u00c9galement situ\u00e9 pr\u00e8s de la station, avec vue sur le Lac Tremblant. Ils offrent 2 services-10h30 et 13h30. Ce sera \u00e9galement un service de buffet avec musique live de notre groupe favori Duo-Basso. Pour les r\u00e9servations, s&rsquo;il vous pla\u00eet appelez: <em>819-425-3400<\/em>.<\/p>\n<p>&nbsp;<\/p>\n<p>&nbsp;<\/p>\n<p>&nbsp;<\/p>\n<p><a href=\"http:\/\/dev.tremblantrestaurants.ca\/wp-content\/uploads\/2013\/03\/celebration-21234_640.jpg\"><img loading=\"lazy\" decoding=\"async\" class=\"alignleft size-thumbnail wp-image-3427\" alt=\"chicks\" src=\"http:\/\/dev.tremblantrestaurants.ca\/wp-content\/uploads\/2013\/03\/chicks-150x150.jpg\" width=\"150\" height=\"150\" \/><\/a><a href=\"http:\/\/dev.tremblantrestaurants.ca\/fr\/lauberge-caribou\/\">Auberge Caribou<\/a><\/p>\n<p>Si vous aimeriez conduire le long de la rivi\u00e8re ou si vous arrivez de Montr\u00e9al ou encore si vous s\u00e9journez sur le c\u00f4t\u00e9 nord de Tremblant, vous pouvez essayer le brunch de L\u2019Auberge Caribou. Situ\u00e9 au Lac Sup\u00e9rieur. Il sera offert le dimanche de 10h \u00e0 14h. \u00c9galement vous pouvez appeler pour les r\u00e9servations: <em>819-713-0533<\/em>.<\/p>\n<p>&nbsp;<\/p>\n<p>&nbsp;<\/p>\n<p><img loading=\"lazy\" decoding=\"async\" class=\"alignleft size-thumbnail wp-image-3428\" alt=\"celebration-21234_640\" src=\"http:\/\/dev.tremblantrestaurants.ca\/wp-content\/uploads\/2013\/03\/celebration-21234_640-150x150.jpg\" width=\"150\" height=\"150\" \/><\/p>\n<p><a href=\"http:\/\/dev.tremblantrestaurants.ca\/fr\/hotel-sur-lac\/\">Hotel du Lac<\/a><\/p>\n<p>Avec vue imprenable sur Tremblant, le restaurant de l\u2019Hotel du Lac est situ\u00e9 sur la rue Cuttles et va offrir un petit-d\u00e9jeuner buffet \u00e0 volont\u00e9 tr\u00e8s abordable. Ils vont prendre les r\u00e9servations jusqu&rsquo;\u00e0 midi inclus dimanche le 31 mars. <em>819.425.2731<\/em><\/p>\n","protected":false},"excerpt":{"rendered":"<p>Le Week-end de P\u00e2ques arrive \u00e0 grands pas. Puisqu\u2019il y a encore tant de neige et que les conditions de&#8230;<\/p>\n","protected":false},"author":2,"featured_media":1092,"comment_status":"open","ping_status":"closed","sticky":false,"template":"","format":"standard","meta":{"footnotes":""},"categories":[201],"tags":[],"class_list":["post-1091","post","type-post","status-publish","format-standard","has-post-thumbnail","hentry","category-articles"],"yoast_head":"<!-- This site is optimized with the Yoast SEO plugin v27.0 - https:\/\/yoast.com\/product\/yoast-seo-wordpress\/ -->\n<title>Fin de Semaine de P\u00e2ques au Mont-Tremblant - Tremblant Restaurants<\/title>\n<meta name=\"robots\" content=\"index, follow, max-snippet:-1, max-image-preview:large, max-video-preview:-1\" \/>\n<link rel=\"canonical\" href=\"https:\/\/tremblantrestaurants.ca\/fr\/fin-de-semaine-de-paques-au-mont-tremblant\/\" \/>\n<meta property=\"og:locale\" content=\"fr_FR\" \/>\n<meta property=\"og:type\" content=\"article\" \/>\n<meta property=\"og:title\" content=\"Fin de Semaine de P\u00e2ques au Mont-Tremblant - Tremblant Restaurants\" \/>\n<meta property=\"og:description\" content=\"Le Week-end de P\u00e2ques arrive \u00e0 grands pas. Puisqu\u2019il y a encore tant de neige et que les conditions de...\" \/>\n<meta property=\"og:url\" content=\"https:\/\/tremblantrestaurants.ca\/fr\/fin-de-semaine-de-paques-au-mont-tremblant\/\" \/>\n<meta property=\"og:site_name\" content=\"Tremblant Restaurants\" \/>\n<meta property=\"article:publisher\" content=\"https:\/\/www.facebook.com\/TremblantRestaurants\/\" \/>\n<meta property=\"article:published_time\" content=\"2013-03-27T05:00:00+00:00\" \/>\n<meta property=\"article:modified_time\" content=\"2018-06-22T15:32:05+00:00\" \/>\n<meta property=\"og:image\" content=\"https:\/\/tremblantrestaurants.ca\/wp-content\/uploads\/2017\/11\/easter-eggs-89831_6401.jpg\" \/>\n\t<meta property=\"og:image:width\" content=\"640\" \/>\n\t<meta property=\"og:image:height\" content=\"480\" \/>\n\t<meta property=\"og:image:type\" content=\"image\/jpeg\" \/>\n<meta name=\"author\" content=\"Bob Ellison\" \/>\n<meta name=\"twitter:card\" content=\"summary_large_image\" \/>\n<meta name=\"twitter:label1\" content=\"\u00c9crit par\" \/>\n\t<meta name=\"twitter:data1\" content=\"Bob Ellison\" \/>\n\t<meta name=\"twitter:label2\" content=\"Dur\u00e9e de lecture estim\u00e9e\" \/>\n\t<meta name=\"twitter:data2\" content=\"2 minutes\" \/>\n<script type=\"application\/ld+json\" class=\"yoast-schema-graph\">{\"@context\":\"https:\/\/schema.org\",\"@graph\":[{\"@type\":\"Article\",\"@id\":\"https:\/\/tremblantrestaurants.ca\/fr\/fin-de-semaine-de-paques-au-mont-tremblant\/#article\",\"isPartOf\":{\"@id\":\"https:\/\/tremblantrestaurants.ca\/fr\/fin-de-semaine-de-paques-au-mont-tremblant\/\"},\"author\":{\"name\":\"Bob Ellison\",\"@id\":\"https:\/\/tremblantrestaurants.ca\/#\/schema\/person\/d06c4bc131c6b5ec1c7e7476f3ed2cee\"},\"headline\":\"Fin de Semaine de P\u00e2ques au Mont-Tremblant\",\"datePublished\":\"2013-03-27T05:00:00+00:00\",\"dateModified\":\"2018-06-22T15:32:05+00:00\",\"mainEntityOfPage\":{\"@id\":\"https:\/\/tremblantrestaurants.ca\/fr\/fin-de-semaine-de-paques-au-mont-tremblant\/\"},\"wordCount\":308,\"commentCount\":0,\"image\":{\"@id\":\"https:\/\/tremblantrestaurants.ca\/fr\/fin-de-semaine-de-paques-au-mont-tremblant\/#primaryimage\"},\"thumbnailUrl\":\"https:\/\/tremblantrestaurants.ca\/wp-content\/uploads\/2017\/11\/easter-eggs-89831_6401.jpg\",\"articleSection\":[\"Articles\"],\"inLanguage\":\"fr-FR\",\"potentialAction\":[{\"@type\":\"CommentAction\",\"name\":\"Comment\",\"target\":[\"https:\/\/tremblantrestaurants.ca\/fr\/fin-de-semaine-de-paques-au-mont-tremblant\/#respond\"]}]},{\"@type\":\"WebPage\",\"@id\":\"https:\/\/tremblantrestaurants.ca\/fr\/fin-de-semaine-de-paques-au-mont-tremblant\/\",\"url\":\"https:\/\/tremblantrestaurants.ca\/fr\/fin-de-semaine-de-paques-au-mont-tremblant\/\",\"name\":\"Fin de Semaine de P\u00e2ques au Mont-Tremblant - Tremblant Restaurants\",\"isPartOf\":{\"@id\":\"https:\/\/tremblantrestaurants.ca\/#website\"},\"primaryImageOfPage\":{\"@id\":\"https:\/\/tremblantrestaurants.ca\/fr\/fin-de-semaine-de-paques-au-mont-tremblant\/#primaryimage\"},\"image\":{\"@id\":\"https:\/\/tremblantrestaurants.ca\/fr\/fin-de-semaine-de-paques-au-mont-tremblant\/#primaryimage\"},\"thumbnailUrl\":\"https:\/\/tremblantrestaurants.ca\/wp-content\/uploads\/2017\/11\/easter-eggs-89831_6401.jpg\",\"datePublished\":\"2013-03-27T05:00:00+00:00\",\"dateModified\":\"2018-06-22T15:32:05+00:00\",\"author\":{\"@id\":\"https:\/\/tremblantrestaurants.ca\/#\/schema\/person\/d06c4bc131c6b5ec1c7e7476f3ed2cee\"},\"breadcrumb\":{\"@id\":\"https:\/\/tremblantrestaurants.ca\/fr\/fin-de-semaine-de-paques-au-mont-tremblant\/#breadcrumb\"},\"inLanguage\":\"fr-FR\",\"potentialAction\":[{\"@type\":\"ReadAction\",\"target\":[\"https:\/\/tremblantrestaurants.ca\/fr\/fin-de-semaine-de-paques-au-mont-tremblant\/\"]}]},{\"@type\":\"ImageObject\",\"inLanguage\":\"fr-FR\",\"@id\":\"https:\/\/tremblantrestaurants.ca\/fr\/fin-de-semaine-de-paques-au-mont-tremblant\/#primaryimage\",\"url\":\"https:\/\/tremblantrestaurants.ca\/wp-content\/uploads\/2017\/11\/easter-eggs-89831_6401.jpg\",\"contentUrl\":\"https:\/\/tremblantrestaurants.ca\/wp-content\/uploads\/2017\/11\/easter-eggs-89831_6401.jpg\",\"width\":640,\"height\":480},{\"@type\":\"BreadcrumbList\",\"@id\":\"https:\/\/tremblantrestaurants.ca\/fr\/fin-de-semaine-de-paques-au-mont-tremblant\/#breadcrumb\",\"itemListElement\":[{\"@type\":\"ListItem\",\"position\":1,\"name\":\"Home\",\"item\":\"https:\/\/tremblantrestaurants.ca\/fr\/\"},{\"@type\":\"ListItem\",\"position\":2,\"name\":\"Fin de Semaine de P\u00e2ques au Mont-Tremblant\"}]},{\"@type\":\"WebSite\",\"@id\":\"https:\/\/tremblantrestaurants.ca\/#website\",\"url\":\"https:\/\/tremblantrestaurants.ca\/\",\"name\":\"Tremblant Restaurants\",\"description\":\"Guide des restaurants - Cuisine, Commentaires, Photos\",\"potentialAction\":[{\"@type\":\"SearchAction\",\"target\":{\"@type\":\"EntryPoint\",\"urlTemplate\":\"https:\/\/tremblantrestaurants.ca\/?s={search_term_string}\"},\"query-input\":{\"@type\":\"PropertyValueSpecification\",\"valueRequired\":true,\"valueName\":\"search_term_string\"}}],\"inLanguage\":\"fr-FR\"},{\"@type\":\"Person\",\"@id\":\"https:\/\/tremblantrestaurants.ca\/#\/schema\/person\/d06c4bc131c6b5ec1c7e7476f3ed2cee\",\"name\":\"Bob Ellison\",\"image\":{\"@type\":\"ImageObject\",\"inLanguage\":\"fr-FR\",\"@id\":\"https:\/\/tremblantrestaurants.ca\/#\/schema\/person\/image\/\",\"url\":\"https:\/\/secure.gravatar.com\/avatar\/bdef91d458a21c39f758f680554069ba05573d752fc46261414528868e59359a?s=96&d=mm&r=g\",\"contentUrl\":\"https:\/\/secure.gravatar.com\/avatar\/bdef91d458a21c39f758f680554069ba05573d752fc46261414528868e59359a?s=96&d=mm&r=g\",\"caption\":\"Bob Ellison\"},\"url\":\"https:\/\/tremblantrestaurants.ca\/fr\/author\/bob\/\"}]}<\/script>\n<!-- \/ Yoast SEO plugin. -->","yoast_head_json":{"title":"Fin de Semaine de P\u00e2ques au Mont-Tremblant - Tremblant Restaurants","robots":{"index":"index","follow":"follow","max-snippet":"max-snippet:-1","max-image-preview":"max-image-preview:large","max-video-preview":"max-video-preview:-1"},"canonical":"https:\/\/tremblantrestaurants.ca\/fr\/fin-de-semaine-de-paques-au-mont-tremblant\/","og_locale":"fr_FR","og_type":"article","og_title":"Fin de Semaine de P\u00e2ques au Mont-Tremblant - Tremblant Restaurants","og_description":"Le Week-end de P\u00e2ques arrive \u00e0 grands pas. Puisqu\u2019il y a encore tant de neige et que les conditions de...","og_url":"https:\/\/tremblantrestaurants.ca\/fr\/fin-de-semaine-de-paques-au-mont-tremblant\/","og_site_name":"Tremblant Restaurants","article_publisher":"https:\/\/www.facebook.com\/TremblantRestaurants\/","article_published_time":"2013-03-27T05:00:00+00:00","article_modified_time":"2018-06-22T15:32:05+00:00","og_image":[{"width":640,"height":480,"url":"https:\/\/tremblantrestaurants.ca\/wp-content\/uploads\/2017\/11\/easter-eggs-89831_6401.jpg","type":"image\/jpeg"}],"author":"Bob Ellison","twitter_card":"summary_large_image","twitter_misc":{"\u00c9crit par":"Bob Ellison","Dur\u00e9e de lecture estim\u00e9e":"2 minutes"},"schema":{"@context":"https:\/\/schema.org","@graph":[{"@type":"Article","@id":"https:\/\/tremblantrestaurants.ca\/fr\/fin-de-semaine-de-paques-au-mont-tremblant\/#article","isPartOf":{"@id":"https:\/\/tremblantrestaurants.ca\/fr\/fin-de-semaine-de-paques-au-mont-tremblant\/"},"author":{"name":"Bob Ellison","@id":"https:\/\/tremblantrestaurants.ca\/#\/schema\/person\/d06c4bc131c6b5ec1c7e7476f3ed2cee"},"headline":"Fin de Semaine de P\u00e2ques au Mont-Tremblant","datePublished":"2013-03-27T05:00:00+00:00","dateModified":"2018-06-22T15:32:05+00:00","mainEntityOfPage":{"@id":"https:\/\/tremblantrestaurants.ca\/fr\/fin-de-semaine-de-paques-au-mont-tremblant\/"},"wordCount":308,"commentCount":0,"image":{"@id":"https:\/\/tremblantrestaurants.ca\/fr\/fin-de-semaine-de-paques-au-mont-tremblant\/#primaryimage"},"thumbnailUrl":"https:\/\/tremblantrestaurants.ca\/wp-content\/uploads\/2017\/11\/easter-eggs-89831_6401.jpg","articleSection":["Articles"],"inLanguage":"fr-FR","potentialAction":[{"@type":"CommentAction","name":"Comment","target":["https:\/\/tremblantrestaurants.ca\/fr\/fin-de-semaine-de-paques-au-mont-tremblant\/#respond"]}]},{"@type":"WebPage","@id":"https:\/\/tremblantrestaurants.ca\/fr\/fin-de-semaine-de-paques-au-mont-tremblant\/","url":"https:\/\/tremblantrestaurants.ca\/fr\/fin-de-semaine-de-paques-au-mont-tremblant\/","name":"Fin de Semaine de P\u00e2ques au Mont-Tremblant - Tremblant Restaurants","isPartOf":{"@id":"https:\/\/tremblantrestaurants.ca\/#website"},"primaryImageOfPage":{"@id":"https:\/\/tremblantrestaurants.ca\/fr\/fin-de-semaine-de-paques-au-mont-tremblant\/#primaryimage"},"image":{"@id":"https:\/\/tremblantrestaurants.ca\/fr\/fin-de-semaine-de-paques-au-mont-tremblant\/#primaryimage"},"thumbnailUrl":"https:\/\/tremblantrestaurants.ca\/wp-content\/uploads\/2017\/11\/easter-eggs-89831_6401.jpg","datePublished":"2013-03-27T05:00:00+00:00","dateModified":"2018-06-22T15:32:05+00:00","author":{"@id":"https:\/\/tremblantrestaurants.ca\/#\/schema\/person\/d06c4bc131c6b5ec1c7e7476f3ed2cee"},"breadcrumb":{"@id":"https:\/\/tremblantrestaurants.ca\/fr\/fin-de-semaine-de-paques-au-mont-tremblant\/#breadcrumb"},"inLanguage":"fr-FR","potentialAction":[{"@type":"ReadAction","target":["https:\/\/tremblantrestaurants.ca\/fr\/fin-de-semaine-de-paques-au-mont-tremblant\/"]}]},{"@type":"ImageObject","inLanguage":"fr-FR","@id":"https:\/\/tremblantrestaurants.ca\/fr\/fin-de-semaine-de-paques-au-mont-tremblant\/#primaryimage","url":"https:\/\/tremblantrestaurants.ca\/wp-content\/uploads\/2017\/11\/easter-eggs-89831_6401.jpg","contentUrl":"https:\/\/tremblantrestaurants.ca\/wp-content\/uploads\/2017\/11\/easter-eggs-89831_6401.jpg","width":640,"height":480},{"@type":"BreadcrumbList","@id":"https:\/\/tremblantrestaurants.ca\/fr\/fin-de-semaine-de-paques-au-mont-tremblant\/#breadcrumb","itemListElement":[{"@type":"ListItem","position":1,"name":"Home","item":"https:\/\/tremblantrestaurants.ca\/fr\/"},{"@type":"ListItem","position":2,"name":"Fin de Semaine de P\u00e2ques au Mont-Tremblant"}]},{"@type":"WebSite","@id":"https:\/\/tremblantrestaurants.ca\/#website","url":"https:\/\/tremblantrestaurants.ca\/","name":"Tremblant Restaurants","description":"Guide des restaurants - Cuisine, Commentaires, Photos","potentialAction":[{"@type":"SearchAction","target":{"@type":"EntryPoint","urlTemplate":"https:\/\/tremblantrestaurants.ca\/?s={search_term_string}"},"query-input":{"@type":"PropertyValueSpecification","valueRequired":true,"valueName":"search_term_string"}}],"inLanguage":"fr-FR"},{"@type":"Person","@id":"https:\/\/tremblantrestaurants.ca\/#\/schema\/person\/d06c4bc131c6b5ec1c7e7476f3ed2cee","name":"Bob Ellison","image":{"@type":"ImageObject","inLanguage":"fr-FR","@id":"https:\/\/tremblantrestaurants.ca\/#\/schema\/person\/image\/","url":"https:\/\/secure.gravatar.com\/avatar\/bdef91d458a21c39f758f680554069ba05573d752fc46261414528868e59359a?s=96&d=mm&r=g","contentUrl":"https:\/\/secure.gravatar.com\/avatar\/bdef91d458a21c39f758f680554069ba05573d752fc46261414528868e59359a?s=96&d=mm&r=g","caption":"Bob Ellison"},"url":"https:\/\/tremblantrestaurants.ca\/fr\/author\/bob\/"}]}},"jetpack_featured_media_url":"https:\/\/tremblantrestaurants.ca\/wp-content\/uploads\/2017\/11\/easter-eggs-89831_6401.jpg","_links":{"self":[{"href":"https:\/\/tremblantrestaurants.ca\/fr\/wp-json\/wp\/v2\/posts\/1091","targetHints":{"allow":["GET"]}}],"collection":[{"href":"https:\/\/tremblantrestaurants.ca\/fr\/wp-json\/wp\/v2\/posts"}],"about":[{"href":"https:\/\/tremblantrestaurants.ca\/fr\/wp-json\/wp\/v2\/types\/post"}],"author":[{"embeddable":true,"href":"https:\/\/tremblantrestaurants.ca\/fr\/wp-json\/wp\/v2\/users\/2"}],"replies":[{"embeddable":true,"href":"https:\/\/tremblantrestaurants.ca\/fr\/wp-json\/wp\/v2\/comments?post=1091"}],"version-history":[{"count":1,"href":"https:\/\/tremblantrestaurants.ca\/fr\/wp-json\/wp\/v2\/posts\/1091\/revisions"}],"predecessor-version":[{"id":3509,"href":"https:\/\/tremblantrestaurants.ca\/fr\/wp-json\/wp\/v2\/posts\/1091\/revisions\/3509"}],"wp:featuredmedia":[{"embeddable":true,"href":"https:\/\/tremblantrestaurants.ca\/fr\/wp-json\/wp\/v2\/media\/1092"}],"wp:attachment":[{"href":"https:\/\/tremblantrestaurants.ca\/fr\/wp-json\/wp\/v2\/media?parent=1091"}],"wp:term":[{"taxonomy":"category","embeddable":true,"href":"https:\/\/tremblantrestaurants.ca\/fr\/wp-json\/wp\/v2\/categories?post=1091"},{"taxonomy":"post_tag","embeddable":true,"href":"https:\/\/tremblantrestaurants.ca\/fr\/wp-json\/wp\/v2\/tags?post=1091"}],"curies":[{"name":"wp","href":"https:\/\/api.w.org\/{rel}","templated":true}]}}