{"id":1093,"date":"2013-05-07T00:00:00","date_gmt":"2013-05-07T05:00:00","guid":{"rendered":"http:\/\/dev.tremblantrestaurants.ca\/le-printemps-a-tremblant\/"},"modified":"2018-10-28T15:12:58","modified_gmt":"2018-10-28T20:12:58","slug":"le-printemps-a-tremblant","status":"publish","type":"post","link":"https:\/\/tremblantrestaurants.ca\/fr\/le-printemps-a-tremblant\/","title":{"rendered":"Le Printemps \u00e0 Tremblant"},"content":{"rendered":"<p><img loading=\"lazy\" decoding=\"async\" class=\"alignleft size-thumbnail wp-image-3544\" src=\"http:\/\/dev.tremblantrestaurants.ca\/wp-content\/uploads\/2013\/05\/tremblant-food-150x150.jpg\" alt=\"tremblant-food\" width=\"150\" height=\"150\" \/>Habituellement, les mois d\u2019avril et mai sont des mois plus tranquilles \u00e0 Tremblant. Cette ann\u00e9e, en raison du temps exceptionnel, nous avons r\u00e9ussi \u00e0 allonger la saison de ski jusqu&rsquo;\u00e0 presque la mi-avril afin que les locaux et les touristes puissent continuer \u00e0 d\u00e9couvrir la r\u00e9gion.<\/p>\n<p>Plusieurs de nos restaurants comme Amerika et La Forge ont sorti leur nourriture \u00e0 l&rsquo;ext\u00e9rieur pour offrir des grillades au soleil. Maintenant en mai, nous assistons \u00e0 des temp\u00e9ratures encore meilleures, des journ\u00e9es cl\u00e9mentes que nous voyons habituellement seulement vers le milieu de l&rsquo;\u00e9t\u00e9.<\/p>\n<p><img loading=\"lazy\" decoding=\"async\" class=\"size-full wp-image-3542 aligncenter\" src=\"http:\/\/dev.tremblantrestaurants.ca\/wp-content\/uploads\/2013\/05\/IMG_2065.jpg\" alt=\"IMG_2065\" width=\"800\" height=\"326\" \/><br \/>\nParmi les beaux \u00e9v\u00e9nements qui se passent en mai, on retrouve bien s\u00fbr le Sp\u00e9cial 2 pour 1 sur la table d&rsquo;h\u00f4te au <a href=\"http:\/\/dev.tremblantrestaurants.ca\/fr\/Chateau-Beauvallon\/\">Restaurant Ch\u00e2teau Beauvallon<\/a> tous les week-ends jusqu&rsquo;au 31 mai. Pour quelque chose de plus d\u00e9contract\u00e9 et familial, jusqu\u2019\u00e0 la mi-juin, <a href=\"http:\/\/dev.tremblantrestaurants.ca\/fr\/caseys-bar-grill\/\">le restaurant Casey\u2019s<\/a> offre les repas gratuits aux enfants de moins de 12 ans du dimanche au mercredi inclusivement.<\/p>\n<p>La f\u00eate des m\u00e8res se c\u00e9l\u00e8bre dimanche prochain. De nombreux restaurants offrent un menu sp\u00e9cial pour le brunch du dimanche. Certains restaurants \u00e0 consid\u00e9rer pour le Brunch de la F\u00eate des M\u00e8res sont le <strong>Restaurant La Quintessence<\/strong> qui sera tenue dans un cadre magnifique \u00e0 l&rsquo;int\u00e9rieur de leur h\u00f4tel 5 \u00e9toiles, le <strong>Restaurant H\u00f4tel du Lac<\/strong>, qui offre \u00e9galement un Brunch de la F\u00eate des M\u00e8res avec des stations chaudes et froides et un verre de mimosa inclus dans le prix bien abordable pour f\u00eater cette merveilleuse occasion et enfin, comme toujours, le restaurant <strong>Le Windigo<\/strong>, au Fairmont Tremblant, reconnu pour ses buffets fantastiques, qui tiendra \u00e9galement un Brunch pour l\u2019occasion sp\u00e9ciale ce dimanche 12 mai.<br \/>\n<img loading=\"lazy\" decoding=\"async\" class=\"aligncenter size-full wp-image-3543\" src=\"http:\/\/dev.tremblantrestaurants.ca\/wp-content\/uploads\/2013\/05\/lac-tremblant-food.jpg\" alt=\"lac-tremblant-food\" width=\"400\" height=\"600\" \/><br \/>\nCe sont l\u00e0 quelques-unes des offres exceptionnelles qui se produisent \u00e0 Tremblant pendant ce mois. Une bonne raison de s\u2019y rendre ou de sortir ce mois-ci et d\u00eener \u00e0 l&rsquo;ext\u00e9rieur. S&rsquo;il-vous-pla\u00eet consulter notre site ou <a href=\"https:\/\/www.facebook.com\/TremblantRestaurants\">notre page facebook <\/a>pour plus de d\u00e9tails.<\/p>\n","protected":false},"excerpt":{"rendered":"<p>Habituellement, les mois d\u2019avril et mai sont des mois plus tranquilles \u00e0 Tremblant. Cette ann\u00e9e, en raison du temps exceptionnel,&#8230;<\/p>\n","protected":false},"author":2,"featured_media":5203,"comment_status":"open","ping_status":"closed","sticky":false,"template":"","format":"standard","meta":{"footnotes":""},"categories":[201],"tags":[],"class_list":["post-1093","post","type-post","status-publish","format-standard","has-post-thumbnail","hentry","category-articles"],"yoast_head":"<!-- This site is optimized with the Yoast SEO plugin v27.0 - https:\/\/yoast.com\/product\/yoast-seo-wordpress\/ -->\n<title>Le Printemps \u00e0 Tremblant - Tremblant Restaurants<\/title>\n<meta name=\"robots\" content=\"index, follow, max-snippet:-1, max-image-preview:large, max-video-preview:-1\" \/>\n<link rel=\"canonical\" href=\"https:\/\/tremblantrestaurants.ca\/fr\/le-printemps-a-tremblant\/\" \/>\n<meta property=\"og:locale\" content=\"fr_FR\" \/>\n<meta property=\"og:type\" content=\"article\" \/>\n<meta property=\"og:title\" content=\"Le Printemps \u00e0 Tremblant - Tremblant Restaurants\" \/>\n<meta property=\"og:description\" content=\"Habituellement, les mois d\u2019avril et mai sont des mois plus tranquilles \u00e0 Tremblant. Cette ann\u00e9e, en raison du temps exceptionnel,...\" \/>\n<meta property=\"og:url\" content=\"https:\/\/tremblantrestaurants.ca\/fr\/le-printemps-a-tremblant\/\" \/>\n<meta property=\"og:site_name\" content=\"Tremblant Restaurants\" \/>\n<meta property=\"article:publisher\" content=\"https:\/\/www.facebook.com\/TremblantRestaurants\/\" \/>\n<meta property=\"article:published_time\" content=\"2013-05-07T05:00:00+00:00\" \/>\n<meta property=\"article:modified_time\" content=\"2018-10-28T20:12:58+00:00\" \/>\n<meta property=\"og:image\" content=\"https:\/\/tremblantrestaurants.ca\/wp-content\/uploads\/2013\/05\/IMG_2065-2.jpg\" \/>\n\t<meta property=\"og:image:width\" content=\"800\" \/>\n\t<meta property=\"og:image:height\" content=\"326\" \/>\n\t<meta property=\"og:image:type\" content=\"image\/jpeg\" \/>\n<meta name=\"author\" content=\"Bob Ellison\" \/>\n<meta name=\"twitter:card\" content=\"summary_large_image\" \/>\n<meta name=\"twitter:label1\" content=\"\u00c9crit par\" \/>\n\t<meta name=\"twitter:data1\" content=\"Bob Ellison\" \/>\n\t<meta name=\"twitter:label2\" content=\"Dur\u00e9e de lecture estim\u00e9e\" \/>\n\t<meta name=\"twitter:data2\" content=\"2 minutes\" \/>\n<script type=\"application\/ld+json\" class=\"yoast-schema-graph\">{\"@context\":\"https:\/\/schema.org\",\"@graph\":[{\"@type\":\"Article\",\"@id\":\"https:\/\/tremblantrestaurants.ca\/fr\/le-printemps-a-tremblant\/#article\",\"isPartOf\":{\"@id\":\"https:\/\/tremblantrestaurants.ca\/fr\/le-printemps-a-tremblant\/\"},\"author\":{\"name\":\"Bob Ellison\",\"@id\":\"https:\/\/tremblantrestaurants.ca\/#\/schema\/person\/d06c4bc131c6b5ec1c7e7476f3ed2cee\"},\"headline\":\"Le Printemps \u00e0 Tremblant\",\"datePublished\":\"2013-05-07T05:00:00+00:00\",\"dateModified\":\"2018-10-28T20:12:58+00:00\",\"mainEntityOfPage\":{\"@id\":\"https:\/\/tremblantrestaurants.ca\/fr\/le-printemps-a-tremblant\/\"},\"wordCount\":336,\"commentCount\":0,\"image\":{\"@id\":\"https:\/\/tremblantrestaurants.ca\/fr\/le-printemps-a-tremblant\/#primaryimage\"},\"thumbnailUrl\":\"https:\/\/tremblantrestaurants.ca\/wp-content\/uploads\/2013\/05\/IMG_2065-2.jpg\",\"articleSection\":[\"Articles\"],\"inLanguage\":\"fr-FR\",\"potentialAction\":[{\"@type\":\"CommentAction\",\"name\":\"Comment\",\"target\":[\"https:\/\/tremblantrestaurants.ca\/fr\/le-printemps-a-tremblant\/#respond\"]}]},{\"@type\":\"WebPage\",\"@id\":\"https:\/\/tremblantrestaurants.ca\/fr\/le-printemps-a-tremblant\/\",\"url\":\"https:\/\/tremblantrestaurants.ca\/fr\/le-printemps-a-tremblant\/\",\"name\":\"Le Printemps \u00e0 Tremblant - Tremblant Restaurants\",\"isPartOf\":{\"@id\":\"https:\/\/tremblantrestaurants.ca\/#website\"},\"primaryImageOfPage\":{\"@id\":\"https:\/\/tremblantrestaurants.ca\/fr\/le-printemps-a-tremblant\/#primaryimage\"},\"image\":{\"@id\":\"https:\/\/tremblantrestaurants.ca\/fr\/le-printemps-a-tremblant\/#primaryimage\"},\"thumbnailUrl\":\"https:\/\/tremblantrestaurants.ca\/wp-content\/uploads\/2013\/05\/IMG_2065-2.jpg\",\"datePublished\":\"2013-05-07T05:00:00+00:00\",\"dateModified\":\"2018-10-28T20:12:58+00:00\",\"author\":{\"@id\":\"https:\/\/tremblantrestaurants.ca\/#\/schema\/person\/d06c4bc131c6b5ec1c7e7476f3ed2cee\"},\"breadcrumb\":{\"@id\":\"https:\/\/tremblantrestaurants.ca\/fr\/le-printemps-a-tremblant\/#breadcrumb\"},\"inLanguage\":\"fr-FR\",\"potentialAction\":[{\"@type\":\"ReadAction\",\"target\":[\"https:\/\/tremblantrestaurants.ca\/fr\/le-printemps-a-tremblant\/\"]}]},{\"@type\":\"ImageObject\",\"inLanguage\":\"fr-FR\",\"@id\":\"https:\/\/tremblantrestaurants.ca\/fr\/le-printemps-a-tremblant\/#primaryimage\",\"url\":\"https:\/\/tremblantrestaurants.ca\/wp-content\/uploads\/2013\/05\/IMG_2065-2.jpg\",\"contentUrl\":\"https:\/\/tremblantrestaurants.ca\/wp-content\/uploads\/2013\/05\/IMG_2065-2.jpg\",\"width\":800,\"height\":326},{\"@type\":\"BreadcrumbList\",\"@id\":\"https:\/\/tremblantrestaurants.ca\/fr\/le-printemps-a-tremblant\/#breadcrumb\",\"itemListElement\":[{\"@type\":\"ListItem\",\"position\":1,\"name\":\"Home\",\"item\":\"https:\/\/tremblantrestaurants.ca\/fr\/\"},{\"@type\":\"ListItem\",\"position\":2,\"name\":\"Le Printemps \u00e0 Tremblant\"}]},{\"@type\":\"WebSite\",\"@id\":\"https:\/\/tremblantrestaurants.ca\/#website\",\"url\":\"https:\/\/tremblantrestaurants.ca\/\",\"name\":\"Tremblant Restaurants\",\"description\":\"Guide des restaurants - Cuisine, Commentaires, Photos\",\"potentialAction\":[{\"@type\":\"SearchAction\",\"target\":{\"@type\":\"EntryPoint\",\"urlTemplate\":\"https:\/\/tremblantrestaurants.ca\/?s={search_term_string}\"},\"query-input\":{\"@type\":\"PropertyValueSpecification\",\"valueRequired\":true,\"valueName\":\"search_term_string\"}}],\"inLanguage\":\"fr-FR\"},{\"@type\":\"Person\",\"@id\":\"https:\/\/tremblantrestaurants.ca\/#\/schema\/person\/d06c4bc131c6b5ec1c7e7476f3ed2cee\",\"name\":\"Bob Ellison\",\"image\":{\"@type\":\"ImageObject\",\"inLanguage\":\"fr-FR\",\"@id\":\"https:\/\/tremblantrestaurants.ca\/#\/schema\/person\/image\/\",\"url\":\"https:\/\/secure.gravatar.com\/avatar\/bdef91d458a21c39f758f680554069ba05573d752fc46261414528868e59359a?s=96&d=mm&r=g\",\"contentUrl\":\"https:\/\/secure.gravatar.com\/avatar\/bdef91d458a21c39f758f680554069ba05573d752fc46261414528868e59359a?s=96&d=mm&r=g\",\"caption\":\"Bob Ellison\"},\"url\":\"https:\/\/tremblantrestaurants.ca\/fr\/author\/bob\/\"}]}<\/script>\n<!-- \/ Yoast SEO plugin. -->","yoast_head_json":{"title":"Le Printemps \u00e0 Tremblant - Tremblant Restaurants","robots":{"index":"index","follow":"follow","max-snippet":"max-snippet:-1","max-image-preview":"max-image-preview:large","max-video-preview":"max-video-preview:-1"},"canonical":"https:\/\/tremblantrestaurants.ca\/fr\/le-printemps-a-tremblant\/","og_locale":"fr_FR","og_type":"article","og_title":"Le Printemps \u00e0 Tremblant - Tremblant Restaurants","og_description":"Habituellement, les mois d\u2019avril et mai sont des mois plus tranquilles \u00e0 Tremblant. Cette ann\u00e9e, en raison du temps exceptionnel,...","og_url":"https:\/\/tremblantrestaurants.ca\/fr\/le-printemps-a-tremblant\/","og_site_name":"Tremblant Restaurants","article_publisher":"https:\/\/www.facebook.com\/TremblantRestaurants\/","article_published_time":"2013-05-07T05:00:00+00:00","article_modified_time":"2018-10-28T20:12:58+00:00","og_image":[{"width":800,"height":326,"url":"https:\/\/tremblantrestaurants.ca\/wp-content\/uploads\/2013\/05\/IMG_2065-2.jpg","type":"image\/jpeg"}],"author":"Bob Ellison","twitter_card":"summary_large_image","twitter_misc":{"\u00c9crit par":"Bob Ellison","Dur\u00e9e de lecture estim\u00e9e":"2 minutes"},"schema":{"@context":"https:\/\/schema.org","@graph":[{"@type":"Article","@id":"https:\/\/tremblantrestaurants.ca\/fr\/le-printemps-a-tremblant\/#article","isPartOf":{"@id":"https:\/\/tremblantrestaurants.ca\/fr\/le-printemps-a-tremblant\/"},"author":{"name":"Bob Ellison","@id":"https:\/\/tremblantrestaurants.ca\/#\/schema\/person\/d06c4bc131c6b5ec1c7e7476f3ed2cee"},"headline":"Le Printemps \u00e0 Tremblant","datePublished":"2013-05-07T05:00:00+00:00","dateModified":"2018-10-28T20:12:58+00:00","mainEntityOfPage":{"@id":"https:\/\/tremblantrestaurants.ca\/fr\/le-printemps-a-tremblant\/"},"wordCount":336,"commentCount":0,"image":{"@id":"https:\/\/tremblantrestaurants.ca\/fr\/le-printemps-a-tremblant\/#primaryimage"},"thumbnailUrl":"https:\/\/tremblantrestaurants.ca\/wp-content\/uploads\/2013\/05\/IMG_2065-2.jpg","articleSection":["Articles"],"inLanguage":"fr-FR","potentialAction":[{"@type":"CommentAction","name":"Comment","target":["https:\/\/tremblantrestaurants.ca\/fr\/le-printemps-a-tremblant\/#respond"]}]},{"@type":"WebPage","@id":"https:\/\/tremblantrestaurants.ca\/fr\/le-printemps-a-tremblant\/","url":"https:\/\/tremblantrestaurants.ca\/fr\/le-printemps-a-tremblant\/","name":"Le Printemps \u00e0 Tremblant - Tremblant Restaurants","isPartOf":{"@id":"https:\/\/tremblantrestaurants.ca\/#website"},"primaryImageOfPage":{"@id":"https:\/\/tremblantrestaurants.ca\/fr\/le-printemps-a-tremblant\/#primaryimage"},"image":{"@id":"https:\/\/tremblantrestaurants.ca\/fr\/le-printemps-a-tremblant\/#primaryimage"},"thumbnailUrl":"https:\/\/tremblantrestaurants.ca\/wp-content\/uploads\/2013\/05\/IMG_2065-2.jpg","datePublished":"2013-05-07T05:00:00+00:00","dateModified":"2018-10-28T20:12:58+00:00","author":{"@id":"https:\/\/tremblantrestaurants.ca\/#\/schema\/person\/d06c4bc131c6b5ec1c7e7476f3ed2cee"},"breadcrumb":{"@id":"https:\/\/tremblantrestaurants.ca\/fr\/le-printemps-a-tremblant\/#breadcrumb"},"inLanguage":"fr-FR","potentialAction":[{"@type":"ReadAction","target":["https:\/\/tremblantrestaurants.ca\/fr\/le-printemps-a-tremblant\/"]}]},{"@type":"ImageObject","inLanguage":"fr-FR","@id":"https:\/\/tremblantrestaurants.ca\/fr\/le-printemps-a-tremblant\/#primaryimage","url":"https:\/\/tremblantrestaurants.ca\/wp-content\/uploads\/2013\/05\/IMG_2065-2.jpg","contentUrl":"https:\/\/tremblantrestaurants.ca\/wp-content\/uploads\/2013\/05\/IMG_2065-2.jpg","width":800,"height":326},{"@type":"BreadcrumbList","@id":"https:\/\/tremblantrestaurants.ca\/fr\/le-printemps-a-tremblant\/#breadcrumb","itemListElement":[{"@type":"ListItem","position":1,"name":"Home","item":"https:\/\/tremblantrestaurants.ca\/fr\/"},{"@type":"ListItem","position":2,"name":"Le Printemps \u00e0 Tremblant"}]},{"@type":"WebSite","@id":"https:\/\/tremblantrestaurants.ca\/#website","url":"https:\/\/tremblantrestaurants.ca\/","name":"Tremblant Restaurants","description":"Guide des restaurants - Cuisine, Commentaires, Photos","potentialAction":[{"@type":"SearchAction","target":{"@type":"EntryPoint","urlTemplate":"https:\/\/tremblantrestaurants.ca\/?s={search_term_string}"},"query-input":{"@type":"PropertyValueSpecification","valueRequired":true,"valueName":"search_term_string"}}],"inLanguage":"fr-FR"},{"@type":"Person","@id":"https:\/\/tremblantrestaurants.ca\/#\/schema\/person\/d06c4bc131c6b5ec1c7e7476f3ed2cee","name":"Bob Ellison","image":{"@type":"ImageObject","inLanguage":"fr-FR","@id":"https:\/\/tremblantrestaurants.ca\/#\/schema\/person\/image\/","url":"https:\/\/secure.gravatar.com\/avatar\/bdef91d458a21c39f758f680554069ba05573d752fc46261414528868e59359a?s=96&d=mm&r=g","contentUrl":"https:\/\/secure.gravatar.com\/avatar\/bdef91d458a21c39f758f680554069ba05573d752fc46261414528868e59359a?s=96&d=mm&r=g","caption":"Bob Ellison"},"url":"https:\/\/tremblantrestaurants.ca\/fr\/author\/bob\/"}]}},"jetpack_featured_media_url":"https:\/\/tremblantrestaurants.ca\/wp-content\/uploads\/2013\/05\/IMG_2065-2.jpg","_links":{"self":[{"href":"https:\/\/tremblantrestaurants.ca\/fr\/wp-json\/wp\/v2\/posts\/1093","targetHints":{"allow":["GET"]}}],"collection":[{"href":"https:\/\/tremblantrestaurants.ca\/fr\/wp-json\/wp\/v2\/posts"}],"about":[{"href":"https:\/\/tremblantrestaurants.ca\/fr\/wp-json\/wp\/v2\/types\/post"}],"author":[{"embeddable":true,"href":"https:\/\/tremblantrestaurants.ca\/fr\/wp-json\/wp\/v2\/users\/2"}],"replies":[{"embeddable":true,"href":"https:\/\/tremblantrestaurants.ca\/fr\/wp-json\/wp\/v2\/comments?post=1093"}],"version-history":[{"count":2,"href":"https:\/\/tremblantrestaurants.ca\/fr\/wp-json\/wp\/v2\/posts\/1093\/revisions"}],"predecessor-version":[{"id":5204,"href":"https:\/\/tremblantrestaurants.ca\/fr\/wp-json\/wp\/v2\/posts\/1093\/revisions\/5204"}],"wp:featuredmedia":[{"embeddable":true,"href":"https:\/\/tremblantrestaurants.ca\/fr\/wp-json\/wp\/v2\/media\/5203"}],"wp:attachment":[{"href":"https:\/\/tremblantrestaurants.ca\/fr\/wp-json\/wp\/v2\/media?parent=1093"}],"wp:term":[{"taxonomy":"category","embeddable":true,"href":"https:\/\/tremblantrestaurants.ca\/fr\/wp-json\/wp\/v2\/categories?post=1093"},{"taxonomy":"post_tag","embeddable":true,"href":"https:\/\/tremblantrestaurants.ca\/fr\/wp-json\/wp\/v2\/tags?post=1093"}],"curies":[{"name":"wp","href":"https:\/\/api.w.org\/{rel}","templated":true}]}}