{"id":1127,"date":"2014-08-27T00:00:00","date_gmt":"2014-08-27T05:00:00","guid":{"rendered":"http:\/\/dev.tremblantrestaurants.ca\/nouveau-chef-executif-fairmont\/"},"modified":"2018-06-22T10:29:29","modified_gmt":"2018-06-22T15:29:29","slug":"nouveau-chef-executif-fairmont","status":"publish","type":"post","link":"https:\/\/tremblantrestaurants.ca\/fr\/nouveau-chef-executif-fairmont\/","title":{"rendered":"Nouveau Chef Ex\u00e9cutif- Fairmont"},"content":{"rendered":"<p style=\"text-align: left;\"><img loading=\"lazy\" decoding=\"async\" class=\"alignleft size-thumbnail wp-image-5498\" alt=\"fairmont (1)\" src=\"http:\/\/dev.tremblantrestaurants.ca\/wp-content\/uploads\/2014\/08\/fairmont-1-150x150.jpg\" width=\"150\" height=\"150\" \/><\/p>\n<p>\u00a0La direction du Fairmont Tremblant est heureuse\u00a0d\u2019annoncer la nomination d\u2019\u00c9ric Beaupr\u00e9 \u00e0 titre de chef ex\u00e9cutif de l\u2019h\u00f4tel de vill\u00e9giature.<\/p>\n<p>Eric Beaupr\u00e9 s\u2019est joint \u00e0 l\u2019\u00e9quipe culinaire du Fairmont Tremblant en ao\u00fbt 2013, \u00e0 titre de sous-chef\u00a0ex\u00e9cutif. Il a tout r\u00e9cemment \u00e9t\u00e9 promu \u00e0 la t\u00eate de la brigade des cuisines et est responsable des unit\u00e9s de la restauration, des banquets et du service traiteur.<\/p>\n<p>Qu\u00e9b\u00e9cois d\u2019origine, Eric est un passionn\u00e9 de cuisine et un grand amateur de sports de plein air. Sa\u00a0carri\u00e8re culinaire montante, combin\u00e9e \u00e0 son amour pour la nature, l\u2019ont d\u2019abord conduit vers les\u00a0Rocheuses canadiennes et dans les prairies o\u00f9 il a travaill\u00e9 quelques ann\u00e9es dans plusieurs propri\u00e9t\u00e9s\u00a0Fairmont. De retour dans sa province natale avec les membres de sa famille, il se r\u00e9jouit de s\u2019\u00e9tablir dans la populaire destination quatre saisons des Laurentides o\u00f9 il pourra faire conna\u00eetre les meilleurs produits r\u00e9gionaux.<\/p>\n<p><img loading=\"lazy\" decoding=\"async\" class=\"aligncenter size-post-full wp-image-5499\" alt=\"fairmont\" src=\"http:\/\/dev.tremblantrestaurants.ca\/wp-content\/uploads\/2014\/08\/fairmont-630x470.jpg\" width=\"630\" height=\"470\" \/><\/p>\n<p>\u00c0 la maison, Eric veille soigneusement sur son potager et est inspir\u00e9 par tous les l\u00e9gumes de saison qu\u2019il y cultive. En tant que nouveau chef ex\u00e9cutif des cuisines du Fairmont Tremblant, il \u00e9labore ses plats avec des ingr\u00e9dients frais et color\u00e9s qu&rsquo;il aime id\u00e9alement choisir lui-m\u00eame, lors de ses visites chez ses agriculteurs pr\u00e9f\u00e9r\u00e9s.<\/p>\n<p>Avec une approche judicieuse quant \u00e0 la nutrition, l\u2019esprit cr\u00e9atif du chef est stimul\u00e9 par les contacts qu\u2019il entretien avec des coll\u00e8gues inspirants et des producteurs remarquables. Avec son parcours professionnel ax\u00e9 sur la mise en valeur du produit et sa recherche de la qualit\u00e9, Eric mise sur une atmosph\u00e8re de cuisine qui laisse place \u00e0 la croissance, au d\u00e9veloppement et \u00e0 la cr\u00e9ativit\u00e9.<\/p>\n<p>Dans ses temps libres, Eric aime faire du v\u00e9lo de montagne et parcourir les sentiers de la r\u00e9gion en\u00a0randonn\u00e9e avec sa femme et ses enfants. Lorsqu&rsquo;on l&rsquo;interroge sur sa philosophie de vie, il dit: \u00abJe crois\u00a0de tout coeur qu\u2019il est important de rester actif, de continuer d\u2019apprendre et de s\u2019amuser \u00bb. Que ce soit\u00a0pour la pr\u00e9paration d\u2019un repas pour ses invit\u00e9s ou pour ses enfants, il s\u2019applique \u00e0 travailler les saveurs\u00a0afin d\u2019offrir une exp\u00e9rience qui soit m\u00e9morable et qui insuffle un sentiment de communaut\u00e9 et de partage.<\/p>\n<p><img loading=\"lazy\" decoding=\"async\" class=\"aligncenter size-full wp-image-5500\" alt=\"IMG_2055\" src=\"http:\/\/dev.tremblantrestaurants.ca\/wp-content\/uploads\/2014\/08\/IMG_2055.jpg\" width=\"467\" height=\"700\" \/><\/p>\n<p><img loading=\"lazy\" decoding=\"async\" class=\"aligncenter size-full wp-image-5501\" alt=\"fairmont1\" src=\"http:\/\/dev.tremblantrestaurants.ca\/wp-content\/uploads\/2014\/08\/fairmont1.jpg\" width=\"480\" height=\"720\" \/><\/p>\n<p>&nbsp;<\/p>\n<p>Jetez un oeil \u00e0 certains offre Fairmont:<\/p>\n<ul>\n<li><a href=\"http:\/\/dev.tremblantrestaurants.ca\/fr\/windigo-fairmont\/\">Windigo au Fairmont Tremblant<\/a><\/li>\n<li><a href=\"http:\/\/dev.tremblantrestaurants.ca\/fr\/nansen-lounge-au-fairmont-tremblant\/\">Nansen Lounge au Fairmont Tremblant<\/a><\/li>\n<li><a href=\"http:\/\/dev.tremblantrestaurants.ca\/fr\/la-terrasse-kiona-au-fairmont-tremblant\/\">La Terrasse Kiona au Fairmont Tremblant<\/a><\/li>\n<li><a href=\"http:\/\/dev.tremblantrestaurants.ca\/fr\/fairmont-tremblant-services-traiteur-et-banquets\/\">Fairmont Tremblant services traiteur et banquets<\/a><\/li>\n<\/ul>\n<p>&nbsp;<\/p>\n","protected":false},"excerpt":{"rendered":"<p>\u00a0La direction du Fairmont Tremblant est heureuse\u00a0d\u2019annoncer la nomination d\u2019\u00c9ric Beaupr\u00e9 \u00e0 titre de chef ex\u00e9cutif de l\u2019h\u00f4tel de vill\u00e9giature&#8230;.<\/p>\n","protected":false},"author":2,"featured_media":1128,"comment_status":"open","ping_status":"closed","sticky":false,"template":"","format":"standard","meta":{"footnotes":""},"categories":[201],"tags":[],"class_list":["post-1127","post","type-post","status-publish","format-standard","has-post-thumbnail","hentry","category-articles"],"yoast_head":"<!-- This site is optimized with the Yoast SEO plugin v27.0 - https:\/\/yoast.com\/product\/yoast-seo-wordpress\/ -->\n<title>Nouveau Chef Ex\u00e9cutif- Fairmont - Tremblant Restaurants<\/title>\n<meta name=\"robots\" content=\"index, follow, max-snippet:-1, max-image-preview:large, max-video-preview:-1\" \/>\n<link rel=\"canonical\" href=\"https:\/\/tremblantrestaurants.ca\/fr\/nouveau-chef-executif-fairmont\/\" \/>\n<meta property=\"og:locale\" content=\"fr_FR\" \/>\n<meta property=\"og:type\" content=\"article\" \/>\n<meta property=\"og:title\" content=\"Nouveau Chef Ex\u00e9cutif- Fairmont - Tremblant Restaurants\" \/>\n<meta property=\"og:description\" content=\"\u00a0La direction du Fairmont Tremblant est heureuse\u00a0d\u2019annoncer la nomination d\u2019\u00c9ric Beaupr\u00e9 \u00e0 titre de chef ex\u00e9cutif de l\u2019h\u00f4tel de vill\u00e9giature....\" \/>\n<meta property=\"og:url\" content=\"https:\/\/tremblantrestaurants.ca\/fr\/nouveau-chef-executif-fairmont\/\" \/>\n<meta property=\"og:site_name\" content=\"Tremblant Restaurants\" \/>\n<meta property=\"article:publisher\" content=\"https:\/\/www.facebook.com\/TremblantRestaurants\/\" \/>\n<meta property=\"article:published_time\" content=\"2014-08-27T05:00:00+00:00\" \/>\n<meta property=\"article:modified_time\" content=\"2018-06-22T15:29:29+00:00\" \/>\n<meta property=\"og:image\" content=\"https:\/\/tremblantrestaurants.ca\/wp-content\/uploads\/2017\/11\/fairmont-11.jpg\" \/>\n\t<meta property=\"og:image:width\" content=\"960\" \/>\n\t<meta property=\"og:image:height\" content=\"639\" \/>\n\t<meta property=\"og:image:type\" content=\"image\/jpeg\" \/>\n<meta name=\"author\" content=\"Bob Ellison\" \/>\n<meta name=\"twitter:card\" content=\"summary_large_image\" \/>\n<meta name=\"twitter:label1\" content=\"\u00c9crit par\" \/>\n\t<meta name=\"twitter:data1\" content=\"Bob Ellison\" \/>\n\t<meta name=\"twitter:label2\" content=\"Dur\u00e9e de lecture estim\u00e9e\" \/>\n\t<meta name=\"twitter:data2\" content=\"2 minutes\" \/>\n<script type=\"application\/ld+json\" class=\"yoast-schema-graph\">{\"@context\":\"https:\/\/schema.org\",\"@graph\":[{\"@type\":\"Article\",\"@id\":\"https:\/\/tremblantrestaurants.ca\/fr\/nouveau-chef-executif-fairmont\/#article\",\"isPartOf\":{\"@id\":\"https:\/\/tremblantrestaurants.ca\/fr\/nouveau-chef-executif-fairmont\/\"},\"author\":{\"name\":\"Bob Ellison\",\"@id\":\"https:\/\/tremblantrestaurants.ca\/#\/schema\/person\/d06c4bc131c6b5ec1c7e7476f3ed2cee\"},\"headline\":\"Nouveau Chef Ex\u00e9cutif- Fairmont\",\"datePublished\":\"2014-08-27T05:00:00+00:00\",\"dateModified\":\"2018-06-22T15:29:29+00:00\",\"mainEntityOfPage\":{\"@id\":\"https:\/\/tremblantrestaurants.ca\/fr\/nouveau-chef-executif-fairmont\/\"},\"wordCount\":439,\"commentCount\":0,\"image\":{\"@id\":\"https:\/\/tremblantrestaurants.ca\/fr\/nouveau-chef-executif-fairmont\/#primaryimage\"},\"thumbnailUrl\":\"https:\/\/tremblantrestaurants.ca\/wp-content\/uploads\/2017\/11\/fairmont-11.jpg\",\"articleSection\":[\"Articles\"],\"inLanguage\":\"fr-FR\",\"potentialAction\":[{\"@type\":\"CommentAction\",\"name\":\"Comment\",\"target\":[\"https:\/\/tremblantrestaurants.ca\/fr\/nouveau-chef-executif-fairmont\/#respond\"]}]},{\"@type\":\"WebPage\",\"@id\":\"https:\/\/tremblantrestaurants.ca\/fr\/nouveau-chef-executif-fairmont\/\",\"url\":\"https:\/\/tremblantrestaurants.ca\/fr\/nouveau-chef-executif-fairmont\/\",\"name\":\"Nouveau Chef Ex\u00e9cutif- Fairmont - Tremblant Restaurants\",\"isPartOf\":{\"@id\":\"https:\/\/tremblantrestaurants.ca\/#website\"},\"primaryImageOfPage\":{\"@id\":\"https:\/\/tremblantrestaurants.ca\/fr\/nouveau-chef-executif-fairmont\/#primaryimage\"},\"image\":{\"@id\":\"https:\/\/tremblantrestaurants.ca\/fr\/nouveau-chef-executif-fairmont\/#primaryimage\"},\"thumbnailUrl\":\"https:\/\/tremblantrestaurants.ca\/wp-content\/uploads\/2017\/11\/fairmont-11.jpg\",\"datePublished\":\"2014-08-27T05:00:00+00:00\",\"dateModified\":\"2018-06-22T15:29:29+00:00\",\"author\":{\"@id\":\"https:\/\/tremblantrestaurants.ca\/#\/schema\/person\/d06c4bc131c6b5ec1c7e7476f3ed2cee\"},\"breadcrumb\":{\"@id\":\"https:\/\/tremblantrestaurants.ca\/fr\/nouveau-chef-executif-fairmont\/#breadcrumb\"},\"inLanguage\":\"fr-FR\",\"potentialAction\":[{\"@type\":\"ReadAction\",\"target\":[\"https:\/\/tremblantrestaurants.ca\/fr\/nouveau-chef-executif-fairmont\/\"]}]},{\"@type\":\"ImageObject\",\"inLanguage\":\"fr-FR\",\"@id\":\"https:\/\/tremblantrestaurants.ca\/fr\/nouveau-chef-executif-fairmont\/#primaryimage\",\"url\":\"https:\/\/tremblantrestaurants.ca\/wp-content\/uploads\/2017\/11\/fairmont-11.jpg\",\"contentUrl\":\"https:\/\/tremblantrestaurants.ca\/wp-content\/uploads\/2017\/11\/fairmont-11.jpg\",\"width\":960,\"height\":639},{\"@type\":\"BreadcrumbList\",\"@id\":\"https:\/\/tremblantrestaurants.ca\/fr\/nouveau-chef-executif-fairmont\/#breadcrumb\",\"itemListElement\":[{\"@type\":\"ListItem\",\"position\":1,\"name\":\"Home\",\"item\":\"https:\/\/tremblantrestaurants.ca\/fr\/\"},{\"@type\":\"ListItem\",\"position\":2,\"name\":\"Nouveau Chef Ex\u00e9cutif- Fairmont\"}]},{\"@type\":\"WebSite\",\"@id\":\"https:\/\/tremblantrestaurants.ca\/#website\",\"url\":\"https:\/\/tremblantrestaurants.ca\/\",\"name\":\"Tremblant Restaurants\",\"description\":\"Guide des restaurants - Cuisine, Commentaires, Photos\",\"potentialAction\":[{\"@type\":\"SearchAction\",\"target\":{\"@type\":\"EntryPoint\",\"urlTemplate\":\"https:\/\/tremblantrestaurants.ca\/?s={search_term_string}\"},\"query-input\":{\"@type\":\"PropertyValueSpecification\",\"valueRequired\":true,\"valueName\":\"search_term_string\"}}],\"inLanguage\":\"fr-FR\"},{\"@type\":\"Person\",\"@id\":\"https:\/\/tremblantrestaurants.ca\/#\/schema\/person\/d06c4bc131c6b5ec1c7e7476f3ed2cee\",\"name\":\"Bob Ellison\",\"image\":{\"@type\":\"ImageObject\",\"inLanguage\":\"fr-FR\",\"@id\":\"https:\/\/tremblantrestaurants.ca\/#\/schema\/person\/image\/\",\"url\":\"https:\/\/secure.gravatar.com\/avatar\/bdef91d458a21c39f758f680554069ba05573d752fc46261414528868e59359a?s=96&d=mm&r=g\",\"contentUrl\":\"https:\/\/secure.gravatar.com\/avatar\/bdef91d458a21c39f758f680554069ba05573d752fc46261414528868e59359a?s=96&d=mm&r=g\",\"caption\":\"Bob Ellison\"},\"url\":\"https:\/\/tremblantrestaurants.ca\/fr\/author\/bob\/\"}]}<\/script>\n<!-- \/ Yoast SEO plugin. -->","yoast_head_json":{"title":"Nouveau Chef Ex\u00e9cutif- Fairmont - Tremblant Restaurants","robots":{"index":"index","follow":"follow","max-snippet":"max-snippet:-1","max-image-preview":"max-image-preview:large","max-video-preview":"max-video-preview:-1"},"canonical":"https:\/\/tremblantrestaurants.ca\/fr\/nouveau-chef-executif-fairmont\/","og_locale":"fr_FR","og_type":"article","og_title":"Nouveau Chef Ex\u00e9cutif- Fairmont - Tremblant Restaurants","og_description":"\u00a0La direction du Fairmont Tremblant est heureuse\u00a0d\u2019annoncer la nomination d\u2019\u00c9ric Beaupr\u00e9 \u00e0 titre de chef ex\u00e9cutif de l\u2019h\u00f4tel de vill\u00e9giature....","og_url":"https:\/\/tremblantrestaurants.ca\/fr\/nouveau-chef-executif-fairmont\/","og_site_name":"Tremblant Restaurants","article_publisher":"https:\/\/www.facebook.com\/TremblantRestaurants\/","article_published_time":"2014-08-27T05:00:00+00:00","article_modified_time":"2018-06-22T15:29:29+00:00","og_image":[{"width":960,"height":639,"url":"https:\/\/tremblantrestaurants.ca\/wp-content\/uploads\/2017\/11\/fairmont-11.jpg","type":"image\/jpeg"}],"author":"Bob Ellison","twitter_card":"summary_large_image","twitter_misc":{"\u00c9crit par":"Bob Ellison","Dur\u00e9e de lecture estim\u00e9e":"2 minutes"},"schema":{"@context":"https:\/\/schema.org","@graph":[{"@type":"Article","@id":"https:\/\/tremblantrestaurants.ca\/fr\/nouveau-chef-executif-fairmont\/#article","isPartOf":{"@id":"https:\/\/tremblantrestaurants.ca\/fr\/nouveau-chef-executif-fairmont\/"},"author":{"name":"Bob Ellison","@id":"https:\/\/tremblantrestaurants.ca\/#\/schema\/person\/d06c4bc131c6b5ec1c7e7476f3ed2cee"},"headline":"Nouveau Chef Ex\u00e9cutif- Fairmont","datePublished":"2014-08-27T05:00:00+00:00","dateModified":"2018-06-22T15:29:29+00:00","mainEntityOfPage":{"@id":"https:\/\/tremblantrestaurants.ca\/fr\/nouveau-chef-executif-fairmont\/"},"wordCount":439,"commentCount":0,"image":{"@id":"https:\/\/tremblantrestaurants.ca\/fr\/nouveau-chef-executif-fairmont\/#primaryimage"},"thumbnailUrl":"https:\/\/tremblantrestaurants.ca\/wp-content\/uploads\/2017\/11\/fairmont-11.jpg","articleSection":["Articles"],"inLanguage":"fr-FR","potentialAction":[{"@type":"CommentAction","name":"Comment","target":["https:\/\/tremblantrestaurants.ca\/fr\/nouveau-chef-executif-fairmont\/#respond"]}]},{"@type":"WebPage","@id":"https:\/\/tremblantrestaurants.ca\/fr\/nouveau-chef-executif-fairmont\/","url":"https:\/\/tremblantrestaurants.ca\/fr\/nouveau-chef-executif-fairmont\/","name":"Nouveau Chef Ex\u00e9cutif- Fairmont - Tremblant Restaurants","isPartOf":{"@id":"https:\/\/tremblantrestaurants.ca\/#website"},"primaryImageOfPage":{"@id":"https:\/\/tremblantrestaurants.ca\/fr\/nouveau-chef-executif-fairmont\/#primaryimage"},"image":{"@id":"https:\/\/tremblantrestaurants.ca\/fr\/nouveau-chef-executif-fairmont\/#primaryimage"},"thumbnailUrl":"https:\/\/tremblantrestaurants.ca\/wp-content\/uploads\/2017\/11\/fairmont-11.jpg","datePublished":"2014-08-27T05:00:00+00:00","dateModified":"2018-06-22T15:29:29+00:00","author":{"@id":"https:\/\/tremblantrestaurants.ca\/#\/schema\/person\/d06c4bc131c6b5ec1c7e7476f3ed2cee"},"breadcrumb":{"@id":"https:\/\/tremblantrestaurants.ca\/fr\/nouveau-chef-executif-fairmont\/#breadcrumb"},"inLanguage":"fr-FR","potentialAction":[{"@type":"ReadAction","target":["https:\/\/tremblantrestaurants.ca\/fr\/nouveau-chef-executif-fairmont\/"]}]},{"@type":"ImageObject","inLanguage":"fr-FR","@id":"https:\/\/tremblantrestaurants.ca\/fr\/nouveau-chef-executif-fairmont\/#primaryimage","url":"https:\/\/tremblantrestaurants.ca\/wp-content\/uploads\/2017\/11\/fairmont-11.jpg","contentUrl":"https:\/\/tremblantrestaurants.ca\/wp-content\/uploads\/2017\/11\/fairmont-11.jpg","width":960,"height":639},{"@type":"BreadcrumbList","@id":"https:\/\/tremblantrestaurants.ca\/fr\/nouveau-chef-executif-fairmont\/#breadcrumb","itemListElement":[{"@type":"ListItem","position":1,"name":"Home","item":"https:\/\/tremblantrestaurants.ca\/fr\/"},{"@type":"ListItem","position":2,"name":"Nouveau Chef Ex\u00e9cutif- Fairmont"}]},{"@type":"WebSite","@id":"https:\/\/tremblantrestaurants.ca\/#website","url":"https:\/\/tremblantrestaurants.ca\/","name":"Tremblant Restaurants","description":"Guide des restaurants - Cuisine, Commentaires, Photos","potentialAction":[{"@type":"SearchAction","target":{"@type":"EntryPoint","urlTemplate":"https:\/\/tremblantrestaurants.ca\/?s={search_term_string}"},"query-input":{"@type":"PropertyValueSpecification","valueRequired":true,"valueName":"search_term_string"}}],"inLanguage":"fr-FR"},{"@type":"Person","@id":"https:\/\/tremblantrestaurants.ca\/#\/schema\/person\/d06c4bc131c6b5ec1c7e7476f3ed2cee","name":"Bob Ellison","image":{"@type":"ImageObject","inLanguage":"fr-FR","@id":"https:\/\/tremblantrestaurants.ca\/#\/schema\/person\/image\/","url":"https:\/\/secure.gravatar.com\/avatar\/bdef91d458a21c39f758f680554069ba05573d752fc46261414528868e59359a?s=96&d=mm&r=g","contentUrl":"https:\/\/secure.gravatar.com\/avatar\/bdef91d458a21c39f758f680554069ba05573d752fc46261414528868e59359a?s=96&d=mm&r=g","caption":"Bob Ellison"},"url":"https:\/\/tremblantrestaurants.ca\/fr\/author\/bob\/"}]}},"jetpack_featured_media_url":"https:\/\/tremblantrestaurants.ca\/wp-content\/uploads\/2017\/11\/fairmont-11.jpg","_links":{"self":[{"href":"https:\/\/tremblantrestaurants.ca\/fr\/wp-json\/wp\/v2\/posts\/1127","targetHints":{"allow":["GET"]}}],"collection":[{"href":"https:\/\/tremblantrestaurants.ca\/fr\/wp-json\/wp\/v2\/posts"}],"about":[{"href":"https:\/\/tremblantrestaurants.ca\/fr\/wp-json\/wp\/v2\/types\/post"}],"author":[{"embeddable":true,"href":"https:\/\/tremblantrestaurants.ca\/fr\/wp-json\/wp\/v2\/users\/2"}],"replies":[{"embeddable":true,"href":"https:\/\/tremblantrestaurants.ca\/fr\/wp-json\/wp\/v2\/comments?post=1127"}],"version-history":[{"count":1,"href":"https:\/\/tremblantrestaurants.ca\/fr\/wp-json\/wp\/v2\/posts\/1127\/revisions"}],"predecessor-version":[{"id":3497,"href":"https:\/\/tremblantrestaurants.ca\/fr\/wp-json\/wp\/v2\/posts\/1127\/revisions\/3497"}],"wp:featuredmedia":[{"embeddable":true,"href":"https:\/\/tremblantrestaurants.ca\/fr\/wp-json\/wp\/v2\/media\/1128"}],"wp:attachment":[{"href":"https:\/\/tremblantrestaurants.ca\/fr\/wp-json\/wp\/v2\/media?parent=1127"}],"wp:term":[{"taxonomy":"category","embeddable":true,"href":"https:\/\/tremblantrestaurants.ca\/fr\/wp-json\/wp\/v2\/categories?post=1127"},{"taxonomy":"post_tag","embeddable":true,"href":"https:\/\/tremblantrestaurants.ca\/fr\/wp-json\/wp\/v2\/tags?post=1127"}],"curies":[{"name":"wp","href":"https:\/\/api.w.org\/{rel}","templated":true}]}}