{"id":1129,"date":"2014-09-09T00:00:00","date_gmt":"2014-09-09T05:00:00","guid":{"rendered":"http:\/\/dev.tremblantrestaurants.ca\/tremblant-gourmand-festival\/"},"modified":"2018-06-22T10:29:23","modified_gmt":"2018-06-22T15:29:23","slug":"tremblant-gourmand-festival","status":"publish","type":"post","link":"https:\/\/tremblantrestaurants.ca\/fr\/tremblant-gourmand-festival\/","title":{"rendered":"Tremblant Gourmand"},"content":{"rendered":"<p><img loading=\"lazy\" decoding=\"async\" class=\"alignleft size-thumbnail wp-image-5523\" alt=\"d63251ea-d2dc-4f60-9b12-786f3e57d013\" src=\"http:\/\/dev.tremblantrestaurants.ca\/wp-content\/uploads\/2014\/09\/d63251ea-d2dc-4f60-9b12-786f3e57d013-150x150.jpg\" width=\"150\" height=\"150\" \/><\/p>\n<p>Pour vous les gourmands, voici un nouvel \u00e9v\u00e9nement qui pourrait bien vous int\u00e9resser: C\u2019est la premi\u00e8re \u00e9dition de \u00ab Tremblant Gourmands \u00bb, une primeur en Am\u00e9rique.<em> Du 19 au 28 Septembre,<\/em> venez profiter non seulement du festival de couleurs \u00e0 Mont Tremblant, mais sur la station, vous pourrez profiter d&rsquo;une multitude d&rsquo;activit\u00e9s li\u00e9es \u00e0 la bouffe et ce, pour une premi\u00e8re fois avec Tremblant Gourmands. Une activit\u00e9 con\u00e7ue pour les \u00e9picuriens actifs!<\/p>\n<p>Tremblant Gourmands, en collaboration avec le pr\u00e9sentateur officiel, Oikos par Danone yogourt, est l&rsquo;h\u00f4te de ce premier \u00e9v\u00e9nement gastronomique. Des chefs sp\u00e9ciaux tels que Jonathan Garnier et gourou du Genevi\u00e8ve Everell en plus de Steven Raichlen, Antoine Sicotte et Caroline McCann vont nous \u00e9duquer et partager leurs secrets de cuisine et feront de nous des h\u00e9ros dans nos propres cuisines.<\/p>\n<p>Il y aura de la d\u00e9coration de biscuits, une station s&rsquo;mores, des randonn\u00e9es \/ pistes cyclables (le cyclogourmand), du yoga\u2026.toutes des activit\u00e9s avec des d\u00e9gustations. Cet \u00e9v\u00e9nement, le premier en son genre, met en valeur un mode de vie sain, l&rsquo;exercice, des produits gastronomiques et de grandes d\u00e9couvertes. Vraiment, une tr\u00e8s bonne id\u00e9e.<\/p>\n<p>Pendant la semaine, vous pouvez participer \u00e0 une marche avec notre chef local <a href=\"http:\/\/dev.tremblantrestaurants.ca\/fr\/couleurs-gourmandes\/\">Fr\u00e9d\u00e9ric Baesa<\/a>\u00a0pour trouver des champignons sauvages et apprendre \u00e0 les utiliser dans diff\u00e9rentes recettes ou aller faire une course Salomon avec un entra\u00eeneur professionnel ou \u00a0m\u00eame juste utiliser vos billets pour d\u00e9couvrir quelques-uns des restaurants participants. Il y aura des \u00e9v\u00e9nements tout au long de la semaine et le week-end.<img loading=\"lazy\" decoding=\"async\" class=\"aligncenter size-post-full wp-image-5541\" alt=\"yummy2-festival\" src=\"http:\/\/dev.tremblantrestaurants.ca\/wp-content\/uploads\/2014\/09\/yummy2-festival-630x419.jpg\" width=\"630\" height=\"419\" \/><\/p>\n<p>Ne manquez pas notre \u00e9v\u00e9nement pr\u00e9f\u00e9r\u00e9; une randonn\u00e9e sur la montagne! Ce n&rsquo;est pas seulement une randonn\u00e9e. Marchez et trouvez l&rsquo;un des cinq arr\u00eats o\u00f9 vous pourrez d\u00e9guster une vari\u00e9t\u00e9 d\u2019aliments et produits fabuleux. C\u2019est super. En marchant, l\u2019app\u00e9tit viendra et vous pourrez faire un pit-stop, manger et continuer! Alimentation, combin\u00e9e avec l&rsquo;activit\u00e9 physique, l&rsquo;air frais et la sant\u00e9 &#8230; .vous serez en route vers une vie de bien-\u00eatre!<\/p>\n<p>La plupart des restaurants de la station seront \u00e9galement impliqu\u00e9s. Du vendredi au dimanche (19, 20, 21, 26, 27 et 28 Septembre), certains bars ou restaurants dans le village pi\u00e9tonnier seront les h\u00f4tes de menu th\u00e9matique 5 \u00e0 7. \u00a0Vous pouvez vous promener autour des diff\u00e9rents restaurants pour boire un verre et quelques amuse-gueules. Vous pouvez acheter des billets pour les diff\u00e9rents restaurants de $10 \u00e0 $50 et savourer des menus exclusifs con\u00e7us pour cet \u00e9v\u00e9nement sp\u00e9cial. Allez-y et d\u00e9couvrez quelques-uns de nos restaurants pr\u00e9f\u00e9r\u00e9s \u00e0 la station, des endroits que vous n&rsquo;avez pas encore essay\u00e9s. Certains de nos favoris comme <a href=\"http:\/\/dev.tremblantrestaurants.ca\/fr\/coco-pazzo\/\">Coco Pazzo<\/a>, <a href=\"http:\/\/dev.tremblantrestaurants.ca\/fr\/la-forge\/\">La Forge<\/a>, <a href=\"http:\/\/dev.tremblantrestaurants.ca\/fr\/caseys-bar-grill\/\">Casey<\/a> et <a href=\"http:\/\/dev.tremblantrestaurants.ca\/fr\/windigo-fairmont\/\">Windigo<\/a> seront tous des restaurants participants lors de cet \u00e9v\u00e9nement. Un laissez-passer VIP peut \u00eatre achet\u00e9 aux tentes identifi\u00e9es sur le site. Renseignez-vous sur les nombreux privil\u00e8ges de titulaires d&rsquo;un forfait Passeport VIP.<\/p>\n<p><img loading=\"lazy\" decoding=\"async\" class=\"aligncenter size-post-full wp-image-5526\" alt=\"tremblant\" src=\"http:\/\/dev.tremblantrestaurants.ca\/wp-content\/uploads\/2014\/09\/tremblant-630x413.jpg\" width=\"630\" height=\"413\" \/><\/p>\n<p>Pour tous les \u00ab foodies \u00bb, c&rsquo;est un \u00e9v\u00e9nement \u00e0 ne pas manquer. N&rsquo;oublions pas aussi que cet \u00e9v\u00e9nement est non seulement une grande d\u00e9gustation d\u2019aliments et de d\u00e9couvertes \u00a0mais c\u2019est aussi une occasion \u00a0pour profiter pleinement de cette magnifique saison alors que la montagne brille avec une multitude de couleurs vibrantes. \u00a0J&rsquo;ai h\u00e2te de vous y voir! 19 au 28 septembre. \u00c0 bient\u00f4t.<\/p>\n<p><img loading=\"lazy\" decoding=\"async\" class=\"aligncenter size-post-half wp-image-5540\" alt=\"yummy\" src=\"http:\/\/dev.tremblantrestaurants.ca\/wp-content\/uploads\/2014\/09\/yummy-445x667.jpg\" width=\"445\" height=\"667\" \/><\/p>\n<p><img loading=\"lazy\" decoding=\"async\" class=\"aligncenter size-post-half wp-image-5542\" alt=\"desert-festival\" src=\"http:\/\/dev.tremblantrestaurants.ca\/wp-content\/uploads\/2014\/09\/desert-festival-445x668.jpg\" width=\"445\" height=\"668\" \/><\/p>\n<p>&nbsp;<\/p>\n","protected":false},"excerpt":{"rendered":"<p>Pour vous les gourmands, voici un nouvel \u00e9v\u00e9nement qui pourrait bien vous int\u00e9resser: C\u2019est la premi\u00e8re \u00e9dition de \u00ab Tremblant&#8230;<\/p>\n","protected":false},"author":2,"featured_media":1130,"comment_status":"open","ping_status":"closed","sticky":false,"template":"","format":"standard","meta":{"footnotes":""},"categories":[201],"tags":[],"class_list":["post-1129","post","type-post","status-publish","format-standard","has-post-thumbnail","hentry","category-articles"],"yoast_head":"<!-- This site is optimized with the Yoast SEO plugin v27.0 - https:\/\/yoast.com\/product\/yoast-seo-wordpress\/ -->\n<title>Tremblant Gourmand - Tremblant Restaurants<\/title>\n<meta name=\"robots\" content=\"index, follow, max-snippet:-1, max-image-preview:large, max-video-preview:-1\" \/>\n<link rel=\"canonical\" href=\"https:\/\/tremblantrestaurants.ca\/fr\/tremblant-gourmand-festival\/\" \/>\n<meta property=\"og:locale\" content=\"fr_FR\" \/>\n<meta property=\"og:type\" content=\"article\" \/>\n<meta property=\"og:title\" content=\"Tremblant Gourmand - Tremblant Restaurants\" \/>\n<meta property=\"og:description\" content=\"Pour vous les gourmands, voici un nouvel \u00e9v\u00e9nement qui pourrait bien vous int\u00e9resser: C\u2019est la premi\u00e8re \u00e9dition de \u00ab Tremblant...\" \/>\n<meta property=\"og:url\" content=\"https:\/\/tremblantrestaurants.ca\/fr\/tremblant-gourmand-festival\/\" \/>\n<meta property=\"og:site_name\" content=\"Tremblant Restaurants\" \/>\n<meta property=\"article:publisher\" content=\"https:\/\/www.facebook.com\/TremblantRestaurants\/\" \/>\n<meta property=\"article:published_time\" content=\"2014-09-09T05:00:00+00:00\" \/>\n<meta property=\"article:modified_time\" content=\"2018-06-22T15:29:23+00:00\" \/>\n<meta property=\"og:image\" content=\"https:\/\/tremblantrestaurants.ca\/wp-content\/uploads\/2017\/11\/10363893_687868431287207_1341643778880539740_n1.jpg\" \/>\n\t<meta property=\"og:image:width\" content=\"960\" \/>\n\t<meta property=\"og:image:height\" content=\"960\" \/>\n\t<meta property=\"og:image:type\" content=\"image\/jpeg\" \/>\n<meta name=\"author\" content=\"Bob Ellison\" \/>\n<meta name=\"twitter:card\" content=\"summary_large_image\" \/>\n<meta name=\"twitter:label1\" content=\"\u00c9crit par\" \/>\n\t<meta name=\"twitter:data1\" content=\"Bob Ellison\" \/>\n\t<meta name=\"twitter:label2\" content=\"Dur\u00e9e de lecture estim\u00e9e\" \/>\n\t<meta name=\"twitter:data2\" content=\"3 minutes\" \/>\n<script type=\"application\/ld+json\" class=\"yoast-schema-graph\">{\"@context\":\"https:\/\/schema.org\",\"@graph\":[{\"@type\":\"Article\",\"@id\":\"https:\/\/tremblantrestaurants.ca\/fr\/tremblant-gourmand-festival\/#article\",\"isPartOf\":{\"@id\":\"https:\/\/tremblantrestaurants.ca\/fr\/tremblant-gourmand-festival\/\"},\"author\":{\"name\":\"Bob Ellison\",\"@id\":\"https:\/\/tremblantrestaurants.ca\/#\/schema\/person\/d06c4bc131c6b5ec1c7e7476f3ed2cee\"},\"headline\":\"Tremblant Gourmand\",\"datePublished\":\"2014-09-09T05:00:00+00:00\",\"dateModified\":\"2018-06-22T15:29:23+00:00\",\"mainEntityOfPage\":{\"@id\":\"https:\/\/tremblantrestaurants.ca\/fr\/tremblant-gourmand-festival\/\"},\"wordCount\":566,\"commentCount\":0,\"image\":{\"@id\":\"https:\/\/tremblantrestaurants.ca\/fr\/tremblant-gourmand-festival\/#primaryimage\"},\"thumbnailUrl\":\"https:\/\/tremblantrestaurants.ca\/wp-content\/uploads\/2017\/11\/10363893_687868431287207_1341643778880539740_n1.jpg\",\"articleSection\":[\"Articles\"],\"inLanguage\":\"fr-FR\",\"potentialAction\":[{\"@type\":\"CommentAction\",\"name\":\"Comment\",\"target\":[\"https:\/\/tremblantrestaurants.ca\/fr\/tremblant-gourmand-festival\/#respond\"]}]},{\"@type\":\"WebPage\",\"@id\":\"https:\/\/tremblantrestaurants.ca\/fr\/tremblant-gourmand-festival\/\",\"url\":\"https:\/\/tremblantrestaurants.ca\/fr\/tremblant-gourmand-festival\/\",\"name\":\"Tremblant Gourmand - Tremblant Restaurants\",\"isPartOf\":{\"@id\":\"https:\/\/tremblantrestaurants.ca\/#website\"},\"primaryImageOfPage\":{\"@id\":\"https:\/\/tremblantrestaurants.ca\/fr\/tremblant-gourmand-festival\/#primaryimage\"},\"image\":{\"@id\":\"https:\/\/tremblantrestaurants.ca\/fr\/tremblant-gourmand-festival\/#primaryimage\"},\"thumbnailUrl\":\"https:\/\/tremblantrestaurants.ca\/wp-content\/uploads\/2017\/11\/10363893_687868431287207_1341643778880539740_n1.jpg\",\"datePublished\":\"2014-09-09T05:00:00+00:00\",\"dateModified\":\"2018-06-22T15:29:23+00:00\",\"author\":{\"@id\":\"https:\/\/tremblantrestaurants.ca\/#\/schema\/person\/d06c4bc131c6b5ec1c7e7476f3ed2cee\"},\"breadcrumb\":{\"@id\":\"https:\/\/tremblantrestaurants.ca\/fr\/tremblant-gourmand-festival\/#breadcrumb\"},\"inLanguage\":\"fr-FR\",\"potentialAction\":[{\"@type\":\"ReadAction\",\"target\":[\"https:\/\/tremblantrestaurants.ca\/fr\/tremblant-gourmand-festival\/\"]}]},{\"@type\":\"ImageObject\",\"inLanguage\":\"fr-FR\",\"@id\":\"https:\/\/tremblantrestaurants.ca\/fr\/tremblant-gourmand-festival\/#primaryimage\",\"url\":\"https:\/\/tremblantrestaurants.ca\/wp-content\/uploads\/2017\/11\/10363893_687868431287207_1341643778880539740_n1.jpg\",\"contentUrl\":\"https:\/\/tremblantrestaurants.ca\/wp-content\/uploads\/2017\/11\/10363893_687868431287207_1341643778880539740_n1.jpg\",\"width\":960,\"height\":960},{\"@type\":\"BreadcrumbList\",\"@id\":\"https:\/\/tremblantrestaurants.ca\/fr\/tremblant-gourmand-festival\/#breadcrumb\",\"itemListElement\":[{\"@type\":\"ListItem\",\"position\":1,\"name\":\"Home\",\"item\":\"https:\/\/tremblantrestaurants.ca\/fr\/\"},{\"@type\":\"ListItem\",\"position\":2,\"name\":\"Tremblant Gourmand\"}]},{\"@type\":\"WebSite\",\"@id\":\"https:\/\/tremblantrestaurants.ca\/#website\",\"url\":\"https:\/\/tremblantrestaurants.ca\/\",\"name\":\"Tremblant Restaurants\",\"description\":\"Guide des restaurants - Cuisine, Commentaires, Photos\",\"potentialAction\":[{\"@type\":\"SearchAction\",\"target\":{\"@type\":\"EntryPoint\",\"urlTemplate\":\"https:\/\/tremblantrestaurants.ca\/?s={search_term_string}\"},\"query-input\":{\"@type\":\"PropertyValueSpecification\",\"valueRequired\":true,\"valueName\":\"search_term_string\"}}],\"inLanguage\":\"fr-FR\"},{\"@type\":\"Person\",\"@id\":\"https:\/\/tremblantrestaurants.ca\/#\/schema\/person\/d06c4bc131c6b5ec1c7e7476f3ed2cee\",\"name\":\"Bob Ellison\",\"image\":{\"@type\":\"ImageObject\",\"inLanguage\":\"fr-FR\",\"@id\":\"https:\/\/tremblantrestaurants.ca\/#\/schema\/person\/image\/\",\"url\":\"https:\/\/secure.gravatar.com\/avatar\/bdef91d458a21c39f758f680554069ba05573d752fc46261414528868e59359a?s=96&d=mm&r=g\",\"contentUrl\":\"https:\/\/secure.gravatar.com\/avatar\/bdef91d458a21c39f758f680554069ba05573d752fc46261414528868e59359a?s=96&d=mm&r=g\",\"caption\":\"Bob Ellison\"},\"url\":\"https:\/\/tremblantrestaurants.ca\/fr\/author\/bob\/\"}]}<\/script>\n<!-- \/ Yoast SEO plugin. -->","yoast_head_json":{"title":"Tremblant Gourmand - Tremblant Restaurants","robots":{"index":"index","follow":"follow","max-snippet":"max-snippet:-1","max-image-preview":"max-image-preview:large","max-video-preview":"max-video-preview:-1"},"canonical":"https:\/\/tremblantrestaurants.ca\/fr\/tremblant-gourmand-festival\/","og_locale":"fr_FR","og_type":"article","og_title":"Tremblant Gourmand - Tremblant Restaurants","og_description":"Pour vous les gourmands, voici un nouvel \u00e9v\u00e9nement qui pourrait bien vous int\u00e9resser: C\u2019est la premi\u00e8re \u00e9dition de \u00ab Tremblant...","og_url":"https:\/\/tremblantrestaurants.ca\/fr\/tremblant-gourmand-festival\/","og_site_name":"Tremblant Restaurants","article_publisher":"https:\/\/www.facebook.com\/TremblantRestaurants\/","article_published_time":"2014-09-09T05:00:00+00:00","article_modified_time":"2018-06-22T15:29:23+00:00","og_image":[{"width":960,"height":960,"url":"https:\/\/tremblantrestaurants.ca\/wp-content\/uploads\/2017\/11\/10363893_687868431287207_1341643778880539740_n1.jpg","type":"image\/jpeg"}],"author":"Bob Ellison","twitter_card":"summary_large_image","twitter_misc":{"\u00c9crit par":"Bob Ellison","Dur\u00e9e de lecture estim\u00e9e":"3 minutes"},"schema":{"@context":"https:\/\/schema.org","@graph":[{"@type":"Article","@id":"https:\/\/tremblantrestaurants.ca\/fr\/tremblant-gourmand-festival\/#article","isPartOf":{"@id":"https:\/\/tremblantrestaurants.ca\/fr\/tremblant-gourmand-festival\/"},"author":{"name":"Bob Ellison","@id":"https:\/\/tremblantrestaurants.ca\/#\/schema\/person\/d06c4bc131c6b5ec1c7e7476f3ed2cee"},"headline":"Tremblant Gourmand","datePublished":"2014-09-09T05:00:00+00:00","dateModified":"2018-06-22T15:29:23+00:00","mainEntityOfPage":{"@id":"https:\/\/tremblantrestaurants.ca\/fr\/tremblant-gourmand-festival\/"},"wordCount":566,"commentCount":0,"image":{"@id":"https:\/\/tremblantrestaurants.ca\/fr\/tremblant-gourmand-festival\/#primaryimage"},"thumbnailUrl":"https:\/\/tremblantrestaurants.ca\/wp-content\/uploads\/2017\/11\/10363893_687868431287207_1341643778880539740_n1.jpg","articleSection":["Articles"],"inLanguage":"fr-FR","potentialAction":[{"@type":"CommentAction","name":"Comment","target":["https:\/\/tremblantrestaurants.ca\/fr\/tremblant-gourmand-festival\/#respond"]}]},{"@type":"WebPage","@id":"https:\/\/tremblantrestaurants.ca\/fr\/tremblant-gourmand-festival\/","url":"https:\/\/tremblantrestaurants.ca\/fr\/tremblant-gourmand-festival\/","name":"Tremblant Gourmand - Tremblant Restaurants","isPartOf":{"@id":"https:\/\/tremblantrestaurants.ca\/#website"},"primaryImageOfPage":{"@id":"https:\/\/tremblantrestaurants.ca\/fr\/tremblant-gourmand-festival\/#primaryimage"},"image":{"@id":"https:\/\/tremblantrestaurants.ca\/fr\/tremblant-gourmand-festival\/#primaryimage"},"thumbnailUrl":"https:\/\/tremblantrestaurants.ca\/wp-content\/uploads\/2017\/11\/10363893_687868431287207_1341643778880539740_n1.jpg","datePublished":"2014-09-09T05:00:00+00:00","dateModified":"2018-06-22T15:29:23+00:00","author":{"@id":"https:\/\/tremblantrestaurants.ca\/#\/schema\/person\/d06c4bc131c6b5ec1c7e7476f3ed2cee"},"breadcrumb":{"@id":"https:\/\/tremblantrestaurants.ca\/fr\/tremblant-gourmand-festival\/#breadcrumb"},"inLanguage":"fr-FR","potentialAction":[{"@type":"ReadAction","target":["https:\/\/tremblantrestaurants.ca\/fr\/tremblant-gourmand-festival\/"]}]},{"@type":"ImageObject","inLanguage":"fr-FR","@id":"https:\/\/tremblantrestaurants.ca\/fr\/tremblant-gourmand-festival\/#primaryimage","url":"https:\/\/tremblantrestaurants.ca\/wp-content\/uploads\/2017\/11\/10363893_687868431287207_1341643778880539740_n1.jpg","contentUrl":"https:\/\/tremblantrestaurants.ca\/wp-content\/uploads\/2017\/11\/10363893_687868431287207_1341643778880539740_n1.jpg","width":960,"height":960},{"@type":"BreadcrumbList","@id":"https:\/\/tremblantrestaurants.ca\/fr\/tremblant-gourmand-festival\/#breadcrumb","itemListElement":[{"@type":"ListItem","position":1,"name":"Home","item":"https:\/\/tremblantrestaurants.ca\/fr\/"},{"@type":"ListItem","position":2,"name":"Tremblant Gourmand"}]},{"@type":"WebSite","@id":"https:\/\/tremblantrestaurants.ca\/#website","url":"https:\/\/tremblantrestaurants.ca\/","name":"Tremblant Restaurants","description":"Guide des restaurants - Cuisine, Commentaires, Photos","potentialAction":[{"@type":"SearchAction","target":{"@type":"EntryPoint","urlTemplate":"https:\/\/tremblantrestaurants.ca\/?s={search_term_string}"},"query-input":{"@type":"PropertyValueSpecification","valueRequired":true,"valueName":"search_term_string"}}],"inLanguage":"fr-FR"},{"@type":"Person","@id":"https:\/\/tremblantrestaurants.ca\/#\/schema\/person\/d06c4bc131c6b5ec1c7e7476f3ed2cee","name":"Bob Ellison","image":{"@type":"ImageObject","inLanguage":"fr-FR","@id":"https:\/\/tremblantrestaurants.ca\/#\/schema\/person\/image\/","url":"https:\/\/secure.gravatar.com\/avatar\/bdef91d458a21c39f758f680554069ba05573d752fc46261414528868e59359a?s=96&d=mm&r=g","contentUrl":"https:\/\/secure.gravatar.com\/avatar\/bdef91d458a21c39f758f680554069ba05573d752fc46261414528868e59359a?s=96&d=mm&r=g","caption":"Bob Ellison"},"url":"https:\/\/tremblantrestaurants.ca\/fr\/author\/bob\/"}]}},"jetpack_featured_media_url":"https:\/\/tremblantrestaurants.ca\/wp-content\/uploads\/2017\/11\/10363893_687868431287207_1341643778880539740_n1.jpg","_links":{"self":[{"href":"https:\/\/tremblantrestaurants.ca\/fr\/wp-json\/wp\/v2\/posts\/1129","targetHints":{"allow":["GET"]}}],"collection":[{"href":"https:\/\/tremblantrestaurants.ca\/fr\/wp-json\/wp\/v2\/posts"}],"about":[{"href":"https:\/\/tremblantrestaurants.ca\/fr\/wp-json\/wp\/v2\/types\/post"}],"author":[{"embeddable":true,"href":"https:\/\/tremblantrestaurants.ca\/fr\/wp-json\/wp\/v2\/users\/2"}],"replies":[{"embeddable":true,"href":"https:\/\/tremblantrestaurants.ca\/fr\/wp-json\/wp\/v2\/comments?post=1129"}],"version-history":[{"count":1,"href":"https:\/\/tremblantrestaurants.ca\/fr\/wp-json\/wp\/v2\/posts\/1129\/revisions"}],"predecessor-version":[{"id":3496,"href":"https:\/\/tremblantrestaurants.ca\/fr\/wp-json\/wp\/v2\/posts\/1129\/revisions\/3496"}],"wp:featuredmedia":[{"embeddable":true,"href":"https:\/\/tremblantrestaurants.ca\/fr\/wp-json\/wp\/v2\/media\/1130"}],"wp:attachment":[{"href":"https:\/\/tremblantrestaurants.ca\/fr\/wp-json\/wp\/v2\/media?parent=1129"}],"wp:term":[{"taxonomy":"category","embeddable":true,"href":"https:\/\/tremblantrestaurants.ca\/fr\/wp-json\/wp\/v2\/categories?post=1129"},{"taxonomy":"post_tag","embeddable":true,"href":"https:\/\/tremblantrestaurants.ca\/fr\/wp-json\/wp\/v2\/tags?post=1129"}],"curies":[{"name":"wp","href":"https:\/\/api.w.org\/{rel}","templated":true}]}}