{"id":1195,"date":"2016-04-23T00:00:00","date_gmt":"2016-04-23T05:00:00","guid":{"rendered":"http:\/\/dev.tremblantrestaurants.ca\/la-fete-des-meres\/"},"modified":"2018-06-22T10:27:17","modified_gmt":"2018-06-22T15:27:17","slug":"la-fete-des-meres","status":"publish","type":"post","link":"https:\/\/tremblantrestaurants.ca\/fr\/la-fete-des-meres\/","title":{"rendered":"La F\u00eate des M\u00e8res"},"content":{"rendered":"<p><img loading=\"lazy\" decoding=\"async\" class=\"alignleft wp-image-8298 size-thumbnail\" src=\"http:\/\/dev.tremblantrestaurants.ca\/wp-content\/uploads\/2016\/04\/dba464dc-2053-4472-bba5-0975942a79c1-150x150.jpg\" alt=\"dba464dc-2053-4472-bba5-0975942a79c1\" width=\"150\" height=\"150\" \/><\/p>\n<p>La F\u00eate des M\u00e8res arrive \u00e0 grands pas. Il s\u2019agit de l\u2019occasion id\u00e9al pour exprimer \u00e0 votre m\u00e8re \u00e0\u00a0quel point elle est importante pour vous et lui dire comment vous l&rsquo;aimez. Dimanche le 8 mai,\u00a0plusieurs de nos restaurants locaux offriront quelque chose de sp\u00e9cial pour cette f\u00eate\u00a0importante. Voici quelques suggestions qui m\u00e9ritent d&rsquo;\u00eatre examin\u00e9es pour un bon brunch en\u00a0famille.<\/p>\n<p>&nbsp;<\/p>\n<p><strong><a href=\"http:\/\/dev.tremblantrestaurants.ca\/fr\/la-quintessence\/\">La Quintessence <\/a>&#8211;\u00a0<\/strong>\u00c7a vaut grandement le d\u00e9tour! Surplombant le lac Tremblant, montrez \u00e0\u00a0maman qu&rsquo;elle vaut 5 \u00e9toiles \u00e0 tous les jours!<\/p>\n<p><a href=\"http:\/\/dev.tremblantrestaurants.ca\/wp-content\/uploads\/2016\/04\/149173b3-8f15-4729-8708-b2354a680609.jpg\"><img loading=\"lazy\" decoding=\"async\" class=\"aligncenter size-post-full wp-image-8299\" src=\"http:\/\/dev.tremblantrestaurants.ca\/wp-content\/uploads\/2016\/04\/149173b3-8f15-4729-8708-b2354a680609-630x310.jpg\" alt=\"149173b3-8f15-4729-8708-b2354a680609\" width=\"630\" height=\"310\" \/><\/a><\/p>\n<p>Le restaurant <a href=\"http:\/\/dev.tremblantrestaurants.ca\/fr\/windigo-fairmont\/\"><strong>Windigo au Fairmont<\/strong><\/a> offre toujours un brunch fabuleux avec un vaste choix de\u00a0plats succulents.<a href=\"http:\/\/dev.tremblantrestaurants.ca\/wp-content\/uploads\/2011\/07\/F%C3%AAtes-des-M%C3%A8res-Final-FR-AN.pdf\"> Jetez un coup d&rsquo;\u0153il au menu cette ann\u00e9e.<\/a> Toutes les m\u00e8res en seront\u00a0charm\u00e9es.<\/p>\n<p><img loading=\"lazy\" decoding=\"async\" class=\"aligncenter size-full wp-image-8300\" src=\"http:\/\/dev.tremblantrestaurants.ca\/wp-content\/uploads\/2016\/04\/IMG_2055.jpg\" alt=\"IMG_2055\" width=\"467\" height=\"700\" \/><\/p>\n<p><strong><a href=\"http:\/\/dev.tremblantrestaurants.ca\/fr\/larome-de-cafe\/\">L\u2019Ar\u00f4me de Cafe <\/a>&#8211;\u00a0<\/strong>Un favori local \u00e0 Ste Jovite. P\u00e2tisseries fra\u00eeches, menu abondant et situ\u00e9 au\u00a0c\u0153ur du centre\u00adville donc vous pouvez faire une belle promenade apr\u00e8s le petit\u00add\u00e9jeuner.<\/p>\n<p><a href=\"http:\/\/dev.tremblantrestaurants.ca\/larome-de-cafe\/\"><img loading=\"lazy\" decoding=\"async\" class=\"aligncenter wp-image-8301 size-post-full\" src=\"http:\/\/dev.tremblantrestaurants.ca\/wp-content\/uploads\/2016\/04\/45706b48-bc3e-453d-b2a7-eac749bdaa33-630x233.jpg\" alt=\"45706b48-bc3e-453d-b2a7-eac749bdaa33\" width=\"630\" height=\"233\" \/><\/a><\/p>\n<p><a href=\"http:\/\/dev.tremblantrestaurants.ca\/fr\/la-maison-de-la-crepe\/\"><strong>Maison de La Cr\u00eape<\/strong>\u00ad<\/a> &#8211;\u00a0Ce n&rsquo;est pas chaque semaine que nous d\u00e9gustons de bonnes cr\u00eapes et sirop d\u2019\u00e9rable pour le\u00a0petit\u00add\u00e9jeuner donc ceci peut \u00eatre une belle sortie pour c\u00e9l\u00e9brer. Vous profiterez d\u2019un beau\u00a0petit\u00add\u00e9jeuner situ\u00e9 au c\u0153ur du village pi\u00e9tonnier de Tremblant.<\/p>\n<p><img loading=\"lazy\" decoding=\"async\" class=\"aligncenter size-full wp-image-8303\" src=\"http:\/\/dev.tremblantrestaurants.ca\/wp-content\/uploads\/2016\/04\/img-la-grande-histoire-465x340.jpg\" alt=\"img-la-grande-histoire-465x340\" width=\"465\" height=\"340\" \/><\/p>\n<p>Et le dernier, mais non le moindre, <a href=\"http:\/\/dev.tremblantrestaurants.ca\/fr\/la-gare\/\"><strong>La Gare \u00e0 Labelle<\/strong>.<\/a> Cette ancienne station de train\u00a0pittoresque est mignonne et chaleureuse. Un endroit o\u00f9 le petit\u00add\u00e9jeuner et le d\u00eener sont\u00a0toujours excellents. Lors d\u2019un beau dimanche ensoleill\u00e9, vous vous trouverez situ\u00e9 directement\u00a0\u00e0 c\u00f4t\u00e9 de la piste cyclable et pr\u00e8s d\u2019un parc juste devant. Un d\u00e9cor merveilleux pour manger et\u00a0ensuite faire une promenade dans la nature.<\/p>\n<p><img loading=\"lazy\" decoding=\"async\" class=\"aligncenter size-full wp-image-8304\" src=\"http:\/\/dev.tremblantrestaurants.ca\/wp-content\/uploads\/2016\/04\/298eb74d-a479-4cbd-8502-9516389739c3.jpg\" alt=\"298eb74d-a479-4cbd-8502-9516389739c3\" width=\"523\" height=\"697\" \/><\/p>\n<p>Nous esp\u00e9rons que ces id\u00e9es vous inspireront. Profitez\u00aden et joyeuse f\u00eate des m\u00e8res !<\/p>\n","protected":false},"excerpt":{"rendered":"<p>La F\u00eate des M\u00e8res arrive \u00e0 grands pas. Il s\u2019agit de l\u2019occasion id\u00e9al pour exprimer \u00e0 votre m\u00e8re \u00e0\u00a0quel point&#8230;<\/p>\n","protected":false},"author":2,"featured_media":1196,"comment_status":"open","ping_status":"closed","sticky":false,"template":"","format":"standard","meta":{"footnotes":""},"categories":[201],"tags":[],"class_list":["post-1195","post","type-post","status-publish","format-standard","has-post-thumbnail","hentry","category-articles"],"yoast_head":"<!-- This site is optimized with the Yoast SEO plugin v27.0 - https:\/\/yoast.com\/product\/yoast-seo-wordpress\/ -->\n<title>La F\u00eate des M\u00e8res - Tremblant Restaurants<\/title>\n<meta name=\"robots\" content=\"index, follow, max-snippet:-1, max-image-preview:large, max-video-preview:-1\" \/>\n<link rel=\"canonical\" href=\"https:\/\/tremblantrestaurants.ca\/fr\/la-fete-des-meres\/\" \/>\n<meta property=\"og:locale\" content=\"fr_FR\" \/>\n<meta property=\"og:type\" content=\"article\" \/>\n<meta property=\"og:title\" content=\"La F\u00eate des M\u00e8res - Tremblant Restaurants\" \/>\n<meta property=\"og:description\" content=\"La F\u00eate des M\u00e8res arrive \u00e0 grands pas. Il s\u2019agit de l\u2019occasion id\u00e9al pour exprimer \u00e0 votre m\u00e8re \u00e0\u00a0quel point...\" \/>\n<meta property=\"og:url\" content=\"https:\/\/tremblantrestaurants.ca\/fr\/la-fete-des-meres\/\" \/>\n<meta property=\"og:site_name\" content=\"Tremblant Restaurants\" \/>\n<meta property=\"article:publisher\" content=\"https:\/\/www.facebook.com\/TremblantRestaurants\/\" \/>\n<meta property=\"article:published_time\" content=\"2016-04-23T05:00:00+00:00\" \/>\n<meta property=\"article:modified_time\" content=\"2018-06-22T15:27:17+00:00\" \/>\n<meta property=\"og:image\" content=\"https:\/\/tremblantrestaurants.ca\/wp-content\/uploads\/2017\/11\/dba464dc-2053-4472-bba5-0975942a79c1-1.jpg\" \/>\n\t<meta property=\"og:image:width\" content=\"521\" \/>\n\t<meta property=\"og:image:height\" content=\"697\" \/>\n\t<meta property=\"og:image:type\" content=\"image\/jpeg\" \/>\n<meta name=\"author\" content=\"Bob Ellison\" \/>\n<meta name=\"twitter:card\" content=\"summary_large_image\" \/>\n<meta name=\"twitter:label1\" content=\"\u00c9crit par\" \/>\n\t<meta name=\"twitter:data1\" content=\"Bob Ellison\" \/>\n\t<meta name=\"twitter:label2\" content=\"Dur\u00e9e de lecture estim\u00e9e\" \/>\n\t<meta name=\"twitter:data2\" content=\"2 minutes\" \/>\n<script type=\"application\/ld+json\" class=\"yoast-schema-graph\">{\"@context\":\"https:\/\/schema.org\",\"@graph\":[{\"@type\":\"Article\",\"@id\":\"https:\/\/tremblantrestaurants.ca\/fr\/la-fete-des-meres\/#article\",\"isPartOf\":{\"@id\":\"https:\/\/tremblantrestaurants.ca\/fr\/la-fete-des-meres\/\"},\"author\":{\"name\":\"Bob Ellison\",\"@id\":\"https:\/\/tremblantrestaurants.ca\/#\/schema\/person\/d06c4bc131c6b5ec1c7e7476f3ed2cee\"},\"headline\":\"La F\u00eate des M\u00e8res\",\"datePublished\":\"2016-04-23T05:00:00+00:00\",\"dateModified\":\"2018-06-22T15:27:17+00:00\",\"mainEntityOfPage\":{\"@id\":\"https:\/\/tremblantrestaurants.ca\/fr\/la-fete-des-meres\/\"},\"wordCount\":319,\"commentCount\":0,\"image\":{\"@id\":\"https:\/\/tremblantrestaurants.ca\/fr\/la-fete-des-meres\/#primaryimage\"},\"thumbnailUrl\":\"https:\/\/tremblantrestaurants.ca\/wp-content\/uploads\/2017\/11\/dba464dc-2053-4472-bba5-0975942a79c1-1.jpg\",\"articleSection\":[\"Articles\"],\"inLanguage\":\"fr-FR\",\"potentialAction\":[{\"@type\":\"CommentAction\",\"name\":\"Comment\",\"target\":[\"https:\/\/tremblantrestaurants.ca\/fr\/la-fete-des-meres\/#respond\"]}]},{\"@type\":\"WebPage\",\"@id\":\"https:\/\/tremblantrestaurants.ca\/fr\/la-fete-des-meres\/\",\"url\":\"https:\/\/tremblantrestaurants.ca\/fr\/la-fete-des-meres\/\",\"name\":\"La F\u00eate des M\u00e8res - Tremblant Restaurants\",\"isPartOf\":{\"@id\":\"https:\/\/tremblantrestaurants.ca\/#website\"},\"primaryImageOfPage\":{\"@id\":\"https:\/\/tremblantrestaurants.ca\/fr\/la-fete-des-meres\/#primaryimage\"},\"image\":{\"@id\":\"https:\/\/tremblantrestaurants.ca\/fr\/la-fete-des-meres\/#primaryimage\"},\"thumbnailUrl\":\"https:\/\/tremblantrestaurants.ca\/wp-content\/uploads\/2017\/11\/dba464dc-2053-4472-bba5-0975942a79c1-1.jpg\",\"datePublished\":\"2016-04-23T05:00:00+00:00\",\"dateModified\":\"2018-06-22T15:27:17+00:00\",\"author\":{\"@id\":\"https:\/\/tremblantrestaurants.ca\/#\/schema\/person\/d06c4bc131c6b5ec1c7e7476f3ed2cee\"},\"breadcrumb\":{\"@id\":\"https:\/\/tremblantrestaurants.ca\/fr\/la-fete-des-meres\/#breadcrumb\"},\"inLanguage\":\"fr-FR\",\"potentialAction\":[{\"@type\":\"ReadAction\",\"target\":[\"https:\/\/tremblantrestaurants.ca\/fr\/la-fete-des-meres\/\"]}]},{\"@type\":\"ImageObject\",\"inLanguage\":\"fr-FR\",\"@id\":\"https:\/\/tremblantrestaurants.ca\/fr\/la-fete-des-meres\/#primaryimage\",\"url\":\"https:\/\/tremblantrestaurants.ca\/wp-content\/uploads\/2017\/11\/dba464dc-2053-4472-bba5-0975942a79c1-1.jpg\",\"contentUrl\":\"https:\/\/tremblantrestaurants.ca\/wp-content\/uploads\/2017\/11\/dba464dc-2053-4472-bba5-0975942a79c1-1.jpg\",\"width\":521,\"height\":697},{\"@type\":\"BreadcrumbList\",\"@id\":\"https:\/\/tremblantrestaurants.ca\/fr\/la-fete-des-meres\/#breadcrumb\",\"itemListElement\":[{\"@type\":\"ListItem\",\"position\":1,\"name\":\"Home\",\"item\":\"https:\/\/tremblantrestaurants.ca\/fr\/\"},{\"@type\":\"ListItem\",\"position\":2,\"name\":\"La F\u00eate des M\u00e8res\"}]},{\"@type\":\"WebSite\",\"@id\":\"https:\/\/tremblantrestaurants.ca\/#website\",\"url\":\"https:\/\/tremblantrestaurants.ca\/\",\"name\":\"Tremblant Restaurants\",\"description\":\"Guide des restaurants - Cuisine, Commentaires, Photos\",\"potentialAction\":[{\"@type\":\"SearchAction\",\"target\":{\"@type\":\"EntryPoint\",\"urlTemplate\":\"https:\/\/tremblantrestaurants.ca\/?s={search_term_string}\"},\"query-input\":{\"@type\":\"PropertyValueSpecification\",\"valueRequired\":true,\"valueName\":\"search_term_string\"}}],\"inLanguage\":\"fr-FR\"},{\"@type\":\"Person\",\"@id\":\"https:\/\/tremblantrestaurants.ca\/#\/schema\/person\/d06c4bc131c6b5ec1c7e7476f3ed2cee\",\"name\":\"Bob Ellison\",\"image\":{\"@type\":\"ImageObject\",\"inLanguage\":\"fr-FR\",\"@id\":\"https:\/\/tremblantrestaurants.ca\/#\/schema\/person\/image\/\",\"url\":\"https:\/\/secure.gravatar.com\/avatar\/bdef91d458a21c39f758f680554069ba05573d752fc46261414528868e59359a?s=96&d=mm&r=g\",\"contentUrl\":\"https:\/\/secure.gravatar.com\/avatar\/bdef91d458a21c39f758f680554069ba05573d752fc46261414528868e59359a?s=96&d=mm&r=g\",\"caption\":\"Bob Ellison\"},\"url\":\"https:\/\/tremblantrestaurants.ca\/fr\/author\/bob\/\"}]}<\/script>\n<!-- \/ Yoast SEO plugin. -->","yoast_head_json":{"title":"La F\u00eate des M\u00e8res - Tremblant Restaurants","robots":{"index":"index","follow":"follow","max-snippet":"max-snippet:-1","max-image-preview":"max-image-preview:large","max-video-preview":"max-video-preview:-1"},"canonical":"https:\/\/tremblantrestaurants.ca\/fr\/la-fete-des-meres\/","og_locale":"fr_FR","og_type":"article","og_title":"La F\u00eate des M\u00e8res - Tremblant Restaurants","og_description":"La F\u00eate des M\u00e8res arrive \u00e0 grands pas. Il s\u2019agit de l\u2019occasion id\u00e9al pour exprimer \u00e0 votre m\u00e8re \u00e0\u00a0quel point...","og_url":"https:\/\/tremblantrestaurants.ca\/fr\/la-fete-des-meres\/","og_site_name":"Tremblant Restaurants","article_publisher":"https:\/\/www.facebook.com\/TremblantRestaurants\/","article_published_time":"2016-04-23T05:00:00+00:00","article_modified_time":"2018-06-22T15:27:17+00:00","og_image":[{"width":521,"height":697,"url":"https:\/\/tremblantrestaurants.ca\/wp-content\/uploads\/2017\/11\/dba464dc-2053-4472-bba5-0975942a79c1-1.jpg","type":"image\/jpeg"}],"author":"Bob Ellison","twitter_card":"summary_large_image","twitter_misc":{"\u00c9crit par":"Bob Ellison","Dur\u00e9e de lecture estim\u00e9e":"2 minutes"},"schema":{"@context":"https:\/\/schema.org","@graph":[{"@type":"Article","@id":"https:\/\/tremblantrestaurants.ca\/fr\/la-fete-des-meres\/#article","isPartOf":{"@id":"https:\/\/tremblantrestaurants.ca\/fr\/la-fete-des-meres\/"},"author":{"name":"Bob Ellison","@id":"https:\/\/tremblantrestaurants.ca\/#\/schema\/person\/d06c4bc131c6b5ec1c7e7476f3ed2cee"},"headline":"La F\u00eate des M\u00e8res","datePublished":"2016-04-23T05:00:00+00:00","dateModified":"2018-06-22T15:27:17+00:00","mainEntityOfPage":{"@id":"https:\/\/tremblantrestaurants.ca\/fr\/la-fete-des-meres\/"},"wordCount":319,"commentCount":0,"image":{"@id":"https:\/\/tremblantrestaurants.ca\/fr\/la-fete-des-meres\/#primaryimage"},"thumbnailUrl":"https:\/\/tremblantrestaurants.ca\/wp-content\/uploads\/2017\/11\/dba464dc-2053-4472-bba5-0975942a79c1-1.jpg","articleSection":["Articles"],"inLanguage":"fr-FR","potentialAction":[{"@type":"CommentAction","name":"Comment","target":["https:\/\/tremblantrestaurants.ca\/fr\/la-fete-des-meres\/#respond"]}]},{"@type":"WebPage","@id":"https:\/\/tremblantrestaurants.ca\/fr\/la-fete-des-meres\/","url":"https:\/\/tremblantrestaurants.ca\/fr\/la-fete-des-meres\/","name":"La F\u00eate des M\u00e8res - Tremblant Restaurants","isPartOf":{"@id":"https:\/\/tremblantrestaurants.ca\/#website"},"primaryImageOfPage":{"@id":"https:\/\/tremblantrestaurants.ca\/fr\/la-fete-des-meres\/#primaryimage"},"image":{"@id":"https:\/\/tremblantrestaurants.ca\/fr\/la-fete-des-meres\/#primaryimage"},"thumbnailUrl":"https:\/\/tremblantrestaurants.ca\/wp-content\/uploads\/2017\/11\/dba464dc-2053-4472-bba5-0975942a79c1-1.jpg","datePublished":"2016-04-23T05:00:00+00:00","dateModified":"2018-06-22T15:27:17+00:00","author":{"@id":"https:\/\/tremblantrestaurants.ca\/#\/schema\/person\/d06c4bc131c6b5ec1c7e7476f3ed2cee"},"breadcrumb":{"@id":"https:\/\/tremblantrestaurants.ca\/fr\/la-fete-des-meres\/#breadcrumb"},"inLanguage":"fr-FR","potentialAction":[{"@type":"ReadAction","target":["https:\/\/tremblantrestaurants.ca\/fr\/la-fete-des-meres\/"]}]},{"@type":"ImageObject","inLanguage":"fr-FR","@id":"https:\/\/tremblantrestaurants.ca\/fr\/la-fete-des-meres\/#primaryimage","url":"https:\/\/tremblantrestaurants.ca\/wp-content\/uploads\/2017\/11\/dba464dc-2053-4472-bba5-0975942a79c1-1.jpg","contentUrl":"https:\/\/tremblantrestaurants.ca\/wp-content\/uploads\/2017\/11\/dba464dc-2053-4472-bba5-0975942a79c1-1.jpg","width":521,"height":697},{"@type":"BreadcrumbList","@id":"https:\/\/tremblantrestaurants.ca\/fr\/la-fete-des-meres\/#breadcrumb","itemListElement":[{"@type":"ListItem","position":1,"name":"Home","item":"https:\/\/tremblantrestaurants.ca\/fr\/"},{"@type":"ListItem","position":2,"name":"La F\u00eate des M\u00e8res"}]},{"@type":"WebSite","@id":"https:\/\/tremblantrestaurants.ca\/#website","url":"https:\/\/tremblantrestaurants.ca\/","name":"Tremblant Restaurants","description":"Guide des restaurants - Cuisine, Commentaires, Photos","potentialAction":[{"@type":"SearchAction","target":{"@type":"EntryPoint","urlTemplate":"https:\/\/tremblantrestaurants.ca\/?s={search_term_string}"},"query-input":{"@type":"PropertyValueSpecification","valueRequired":true,"valueName":"search_term_string"}}],"inLanguage":"fr-FR"},{"@type":"Person","@id":"https:\/\/tremblantrestaurants.ca\/#\/schema\/person\/d06c4bc131c6b5ec1c7e7476f3ed2cee","name":"Bob Ellison","image":{"@type":"ImageObject","inLanguage":"fr-FR","@id":"https:\/\/tremblantrestaurants.ca\/#\/schema\/person\/image\/","url":"https:\/\/secure.gravatar.com\/avatar\/bdef91d458a21c39f758f680554069ba05573d752fc46261414528868e59359a?s=96&d=mm&r=g","contentUrl":"https:\/\/secure.gravatar.com\/avatar\/bdef91d458a21c39f758f680554069ba05573d752fc46261414528868e59359a?s=96&d=mm&r=g","caption":"Bob Ellison"},"url":"https:\/\/tremblantrestaurants.ca\/fr\/author\/bob\/"}]}},"jetpack_featured_media_url":"https:\/\/tremblantrestaurants.ca\/wp-content\/uploads\/2017\/11\/dba464dc-2053-4472-bba5-0975942a79c1-1.jpg","_links":{"self":[{"href":"https:\/\/tremblantrestaurants.ca\/fr\/wp-json\/wp\/v2\/posts\/1195","targetHints":{"allow":["GET"]}}],"collection":[{"href":"https:\/\/tremblantrestaurants.ca\/fr\/wp-json\/wp\/v2\/posts"}],"about":[{"href":"https:\/\/tremblantrestaurants.ca\/fr\/wp-json\/wp\/v2\/types\/post"}],"author":[{"embeddable":true,"href":"https:\/\/tremblantrestaurants.ca\/fr\/wp-json\/wp\/v2\/users\/2"}],"replies":[{"embeddable":true,"href":"https:\/\/tremblantrestaurants.ca\/fr\/wp-json\/wp\/v2\/comments?post=1195"}],"version-history":[{"count":1,"href":"https:\/\/tremblantrestaurants.ca\/fr\/wp-json\/wp\/v2\/posts\/1195\/revisions"}],"predecessor-version":[{"id":3055,"href":"https:\/\/tremblantrestaurants.ca\/fr\/wp-json\/wp\/v2\/posts\/1195\/revisions\/3055"}],"wp:featuredmedia":[{"embeddable":true,"href":"https:\/\/tremblantrestaurants.ca\/fr\/wp-json\/wp\/v2\/media\/1196"}],"wp:attachment":[{"href":"https:\/\/tremblantrestaurants.ca\/fr\/wp-json\/wp\/v2\/media?parent=1195"}],"wp:term":[{"taxonomy":"category","embeddable":true,"href":"https:\/\/tremblantrestaurants.ca\/fr\/wp-json\/wp\/v2\/categories?post=1195"},{"taxonomy":"post_tag","embeddable":true,"href":"https:\/\/tremblantrestaurants.ca\/fr\/wp-json\/wp\/v2\/tags?post=1195"}],"curies":[{"name":"wp","href":"https:\/\/api.w.org\/{rel}","templated":true}]}}