{"id":6215,"date":"2019-04-02T18:19:43","date_gmt":"2019-04-02T23:19:43","guid":{"rendered":"https:\/\/tremblantrestaurants.ca\/?p=6215"},"modified":"2019-04-02T18:19:43","modified_gmt":"2019-04-02T23:19:43","slug":"brunch-de-paques-a-mont-tremblant","status":"publish","type":"post","link":"https:\/\/tremblantrestaurants.ca\/fr\/brunch-de-paques-a-mont-tremblant\/","title":{"rendered":"Brunch de P\u00e2ques \u00e0 Mont Tremblant"},"content":{"rendered":"<p><span style=\"font-weight: 400;\"><img loading=\"lazy\" decoding=\"async\" class=\"alignleft size-thumbnail wp-image-6220\" src=\"https:\/\/tremblantrestaurants.ca\/wp-content\/uploads\/2019\/04\/17883847_1458983937508982_4410358822986314281_n-150x150.jpg\" alt=\"\" width=\"150\" height=\"150\" srcset=\"https:\/\/tremblantrestaurants.ca\/wp-content\/uploads\/2019\/04\/17883847_1458983937508982_4410358822986314281_n-150x150.jpg 150w, https:\/\/tremblantrestaurants.ca\/wp-content\/uploads\/2019\/04\/17883847_1458983937508982_4410358822986314281_n-500x500.jpg 500w, https:\/\/tremblantrestaurants.ca\/wp-content\/uploads\/2019\/04\/17883847_1458983937508982_4410358822986314281_n-45x45.jpg 45w\" sizes=\"auto, (max-width: 150px) 100vw, 150px\" \/>P\u00e2ques sera c\u00e9l\u00e9br\u00e9 un peu plus tard cette ann\u00e9e tombant le 3e week-end d&rsquo;avril. Vous avez donc encore le temps de planifier un beau dimanche de P\u00e2ques en famille. Cette ann\u00e9e, nous avons not\u00e9 jusqu\u2019\u00e0 maintenant trois excellentes options pour le brunch de P\u00e2ques, offert dimanche le 21 avril ici-m\u00eame \u00e0 Mont-Tremblant. Nous avons d\u00e9j\u00e0 fait ces trois brunchs dans le pass\u00e9 et nous pouvons donc dire qu&rsquo;ils sont tous des choix judicieux. <\/span><\/p>\n<p><span style=\"font-weight: 400;\">Voici vos options :<\/span><\/p>\n<p><span style=\"font-weight: 400;\">Pour un petit d\u00e9jeuner plus d\u00e9contract\u00e9, nous vous sugg\u00e9rons le restaurant local <a href=\"https:\/\/tremblantrestaurants.ca\/fr\/restaurants\/larome-de-cafe\/\"><strong>Ar\u00f4me de\u00a0<\/strong><\/a><\/span><span style=\"font-weight: 400;\"><strong>Caf\u00e9<\/strong> situ\u00e9 au centre-ville de Mont-Tremblant. Vous y trouverez un plateau gastronomique \u00e0 partager entre vous (bon pour environs 4-5 personnes). C&rsquo;est \u00e9norme ! Sur ce plat, un peu de tout : \u0153ufs brouill\u00e9s, saucisses maison, bacon, cr\u00eapes, jambon, gaufres, cretons maison, f\u00e8ves au lard&#8230;&#8230;<\/span><\/p>\n<p><span style=\"font-weight: 400;\">Faites-nous confiance, vous serez rassasi\u00e9s.<\/span><\/p>\n<p><img loading=\"lazy\" decoding=\"async\" class=\"wp-image-6218 size-large aligncenter\" src=\"https:\/\/tremblantrestaurants.ca\/wp-content\/uploads\/2019\/04\/plateau-IMG_4770-1024x768.jpg\" alt=\"\" width=\"640\" height=\"480\" srcset=\"https:\/\/tremblantrestaurants.ca\/wp-content\/uploads\/2019\/04\/plateau-IMG_4770-1024x768.jpg 1024w, https:\/\/tremblantrestaurants.ca\/wp-content\/uploads\/2019\/04\/plateau-IMG_4770-300x225.jpg 300w, https:\/\/tremblantrestaurants.ca\/wp-content\/uploads\/2019\/04\/plateau-IMG_4770-768x576.jpg 768w, https:\/\/tremblantrestaurants.ca\/wp-content\/uploads\/2019\/04\/plateau-IMG_4770-500x375.jpg 500w\" sizes=\"auto, (max-width: 640px) 100vw, 640px\" \/><\/p>\n<p><span style=\"font-weight: 400;\">Au c\u0153ur de la station Mont Tremblant \u00e0 l&rsquo;h\u00f4tel Fairmont, le restaurant<strong> Le Comptoir<\/strong> offre \u00e9galement un brunch le 21 avril \u00e0 partir de 11h. Vous y d\u00e9couvrirez une grande vari\u00e9t\u00e9 comme leur station du chef, la boulangerie, les items petit-d\u00e9jeuner, les p\u00e2tisseries, etc. Des items petit-d\u00e9jeuner et des plats plus robustes : \u0153ufs b\u00e9n\u00e9dictines, f\u00e8ves au lard, fromages, bacon, jambon \u00e0 l&rsquo;\u00e9rable, raviolis aux champignons sauvages et longe de b\u0153uf au romarin. Bien s\u00fbr, il y aura un vaste choix de desserts et de p\u00e2tisseries!\u00a0<\/span><span style=\"font-weight: 400;\">Pour le menu d\u00e9taill\u00e9 cliquer ici : <\/span><a href=\"http:\/\/www.lecomptoirtremblant.com\/menu\/\"><span style=\"font-weight: 400;\">http:\/\/www.lecomptoirtremblant.com\/menu\/<img loading=\"lazy\" decoding=\"async\" class=\"aligncenter size-full wp-image-6216\" src=\"https:\/\/tremblantrestaurants.ca\/wp-content\/uploads\/2019\/04\/Comptoir.jpg\" alt=\"\" width=\"4096\" height=\"2975\" srcset=\"https:\/\/tremblantrestaurants.ca\/wp-content\/uploads\/2019\/04\/Comptoir.jpg 4096w, https:\/\/tremblantrestaurants.ca\/wp-content\/uploads\/2019\/04\/Comptoir-300x218.jpg 300w, https:\/\/tremblantrestaurants.ca\/wp-content\/uploads\/2019\/04\/Comptoir-768x558.jpg 768w, https:\/\/tremblantrestaurants.ca\/wp-content\/uploads\/2019\/04\/Comptoir-1024x744.jpg 1024w, https:\/\/tremblantrestaurants.ca\/wp-content\/uploads\/2019\/04\/Comptoir-500x363.jpg 500w\" sizes=\"auto, (max-width: 4096px) 100vw, 4096px\" \/><\/span><\/a><\/p>\n<p><span style=\"font-weight: 400;\">Si vous aimeriez encore plus, essayez &lsquo;<\/span><span style=\"font-weight: 400;\">Le Brunch Royal de P\u00e2ques&rsquo; du <strong>Choux Gras <\/strong>(aussi situ\u00e9 dans le Fairmont Tremblant). Ceci comprend le copieux menu du Buffet Brunch de P\u00e2ques du Restaurant Le Comptoir<em> PLUS<\/em> quelques plats additionnels et exclusifs au Choux Gras. \u00a0Voici les d\u00e9tails : <\/span><a href=\"https:\/\/www.chouxgrasbrasserie.com\/menus\/\"><span style=\"font-weight: 400;\">https:\/\/www.chouxgrasbrasserie.com\/menus\/<img loading=\"lazy\" decoding=\"async\" class=\"aligncenter size-full wp-image-6217\" src=\"https:\/\/tremblantrestaurants.ca\/wp-content\/uploads\/2019\/04\/CHOUX-GRAS-BRASSERIE-CULINAIRE-0725.jpg\" alt=\"\" width=\"5004\" height=\"3427\" srcset=\"https:\/\/tremblantrestaurants.ca\/wp-content\/uploads\/2019\/04\/CHOUX-GRAS-BRASSERIE-CULINAIRE-0725.jpg 5004w, https:\/\/tremblantrestaurants.ca\/wp-content\/uploads\/2019\/04\/CHOUX-GRAS-BRASSERIE-CULINAIRE-0725-300x205.jpg 300w, https:\/\/tremblantrestaurants.ca\/wp-content\/uploads\/2019\/04\/CHOUX-GRAS-BRASSERIE-CULINAIRE-0725-768x526.jpg 768w, https:\/\/tremblantrestaurants.ca\/wp-content\/uploads\/2019\/04\/CHOUX-GRAS-BRASSERIE-CULINAIRE-0725-1024x701.jpg 1024w, https:\/\/tremblantrestaurants.ca\/wp-content\/uploads\/2019\/04\/CHOUX-GRAS-BRASSERIE-CULINAIRE-0725-500x342.jpg 500w\" sizes=\"auto, (max-width: 5004px) 100vw, 5004px\" \/><\/span><\/a><\/p>\n<p><span style=\"font-weight: 400;\">Finalement le brunch de P\u00e2ques au <strong>Restaurant Quintessence<\/strong> est probablement celui que nous avons le plus fr\u00e9quent\u00e9 au cours des ann\u00e9es. Situ\u00e9 dans un environnement si magique surplombant le lac Tremblant. Le choix de nourriture est sans fin gr\u00e2ce \u00e0 une grande vari\u00e9t\u00e9 d&rsquo;options pour le d\u00e9jeuner ou le repas du midi. Voici un aper\u00e7u de ce qui vous attend pour P\u00e2ques au Restaurant La Quintessence : Station froide\/bar \u00e0 salades, Station Viande avec agneau ou saumon, items petit-d\u00e9jeuner, fromages et bien s\u00fbr un coin desserts. Ils auront m\u00eame une chasse aux cocos!\u00a0<\/span><span style=\"font-weight: 400;\">Voici leur lien pour plus d&rsquo;informations.\u00a0 <a href=\"http:\/\/www.hotelquintessence.com\/pdf\/menus\/Paques_2019_Bil.pdf\">\u00a0<\/a><\/span><a href=\"http:\/\/www.hotelquintessence.com\/pdf\/menus\/Paques_2019_Bil.pdf\">http:\/\/www.hotelquintessence.com\/pdf\/menus\/Paques_2019_Bil.pdf<\/a><a href=\"http:\/\/www.hotelquintessence.com\/pdf\/menus\/Paques_2019_Bil.pdf\"><span style=\"font-weight: 400;\"><img loading=\"lazy\" decoding=\"async\" class=\"aligncenter size-full wp-image-6223\" src=\"https:\/\/tremblantrestaurants.ca\/wp-content\/uploads\/2019\/04\/Q-paques.jpg\" alt=\"\" width=\"5120\" height=\"3072\" srcset=\"https:\/\/tremblantrestaurants.ca\/wp-content\/uploads\/2019\/04\/Q-paques.jpg 5120w, https:\/\/tremblantrestaurants.ca\/wp-content\/uploads\/2019\/04\/Q-paques-300x180.jpg 300w, https:\/\/tremblantrestaurants.ca\/wp-content\/uploads\/2019\/04\/Q-paques-768x461.jpg 768w, https:\/\/tremblantrestaurants.ca\/wp-content\/uploads\/2019\/04\/Q-paques-1024x614.jpg 1024w, https:\/\/tremblantrestaurants.ca\/wp-content\/uploads\/2019\/04\/Q-paques-500x300.jpg 500w\" sizes=\"auto, (max-width: 5120px) 100vw, 5120px\" \/><\/span><\/a><span style=\"font-weight: 400;\">Comme nous l&rsquo;avons mentionn\u00e9, ces trois options sont tous d&rsquo;excellents choix pour vous et votre famille, alors veuillez r\u00e9server rapidement et Joyeuses P\u00e2ques !<\/span><\/p>\n","protected":false},"excerpt":{"rendered":"<p>P\u00e2ques sera c\u00e9l\u00e9br\u00e9 un peu plus tard cette ann\u00e9e tombant le 3e week-end d&rsquo;avril. Vous avez donc encore le temps&#8230;<\/p>\n","protected":false},"author":4,"featured_media":6228,"comment_status":"open","ping_status":"open","sticky":false,"template":"","format":"standard","meta":{"footnotes":""},"categories":[201],"tags":[],"class_list":["post-6215","post","type-post","status-publish","format-standard","has-post-thumbnail","hentry","category-articles"],"yoast_head":"<!-- This site is optimized with the Yoast SEO plugin v27.0 - https:\/\/yoast.com\/product\/yoast-seo-wordpress\/ -->\n<title>Brunch de P\u00e2ques \u00e0 Mont Tremblant - Tremblant Restaurants<\/title>\n<meta name=\"robots\" content=\"index, follow, max-snippet:-1, max-image-preview:large, max-video-preview:-1\" \/>\n<link rel=\"canonical\" href=\"https:\/\/tremblantrestaurants.ca\/fr\/brunch-de-paques-a-mont-tremblant\/\" \/>\n<meta property=\"og:locale\" content=\"fr_FR\" \/>\n<meta property=\"og:type\" content=\"article\" \/>\n<meta property=\"og:title\" content=\"Brunch de P\u00e2ques \u00e0 Mont Tremblant - Tremblant Restaurants\" \/>\n<meta property=\"og:description\" content=\"P\u00e2ques sera c\u00e9l\u00e9br\u00e9 un peu plus tard cette ann\u00e9e tombant le 3e week-end d&rsquo;avril. Vous avez donc encore le temps...\" \/>\n<meta property=\"og:url\" content=\"https:\/\/tremblantrestaurants.ca\/fr\/brunch-de-paques-a-mont-tremblant\/\" \/>\n<meta property=\"og:site_name\" content=\"Tremblant Restaurants\" \/>\n<meta property=\"article:publisher\" content=\"https:\/\/www.facebook.com\/TremblantRestaurants\/\" \/>\n<meta property=\"article:published_time\" content=\"2019-04-02T23:19:43+00:00\" \/>\n<meta property=\"og:image\" content=\"https:\/\/tremblantrestaurants.ca\/wp-content\/uploads\/2019\/04\/eggs.jpg\" \/>\n\t<meta property=\"og:image:width\" content=\"815\" \/>\n\t<meta property=\"og:image:height\" content=\"500\" \/>\n\t<meta property=\"og:image:type\" content=\"image\/jpeg\" \/>\n<meta name=\"author\" content=\"Jenny\" \/>\n<meta name=\"twitter:card\" content=\"summary_large_image\" \/>\n<meta name=\"twitter:label1\" content=\"\u00c9crit par\" \/>\n\t<meta name=\"twitter:data1\" content=\"Jenny\" \/>\n\t<meta name=\"twitter:label2\" content=\"Dur\u00e9e de lecture estim\u00e9e\" \/>\n\t<meta name=\"twitter:data2\" content=\"2 minutes\" \/>\n<script type=\"application\/ld+json\" class=\"yoast-schema-graph\">{\"@context\":\"https:\/\/schema.org\",\"@graph\":[{\"@type\":\"Article\",\"@id\":\"https:\/\/tremblantrestaurants.ca\/fr\/brunch-de-paques-a-mont-tremblant\/#article\",\"isPartOf\":{\"@id\":\"https:\/\/tremblantrestaurants.ca\/fr\/brunch-de-paques-a-mont-tremblant\/\"},\"author\":{\"name\":\"Jenny\",\"@id\":\"https:\/\/tremblantrestaurants.ca\/#\/schema\/person\/ddadd73a8544889801c6f12823a57f61\"},\"headline\":\"Brunch de P\u00e2ques \u00e0 Mont Tremblant\",\"datePublished\":\"2019-04-02T23:19:43+00:00\",\"mainEntityOfPage\":{\"@id\":\"https:\/\/tremblantrestaurants.ca\/fr\/brunch-de-paques-a-mont-tremblant\/\"},\"wordCount\":462,\"commentCount\":0,\"image\":{\"@id\":\"https:\/\/tremblantrestaurants.ca\/fr\/brunch-de-paques-a-mont-tremblant\/#primaryimage\"},\"thumbnailUrl\":\"https:\/\/tremblantrestaurants.ca\/wp-content\/uploads\/2019\/04\/eggs.jpg\",\"articleSection\":[\"Articles\"],\"inLanguage\":\"fr-FR\",\"potentialAction\":[{\"@type\":\"CommentAction\",\"name\":\"Comment\",\"target\":[\"https:\/\/tremblantrestaurants.ca\/fr\/brunch-de-paques-a-mont-tremblant\/#respond\"]}]},{\"@type\":\"WebPage\",\"@id\":\"https:\/\/tremblantrestaurants.ca\/fr\/brunch-de-paques-a-mont-tremblant\/\",\"url\":\"https:\/\/tremblantrestaurants.ca\/fr\/brunch-de-paques-a-mont-tremblant\/\",\"name\":\"Brunch de P\u00e2ques \u00e0 Mont Tremblant - Tremblant Restaurants\",\"isPartOf\":{\"@id\":\"https:\/\/tremblantrestaurants.ca\/#website\"},\"primaryImageOfPage\":{\"@id\":\"https:\/\/tremblantrestaurants.ca\/fr\/brunch-de-paques-a-mont-tremblant\/#primaryimage\"},\"image\":{\"@id\":\"https:\/\/tremblantrestaurants.ca\/fr\/brunch-de-paques-a-mont-tremblant\/#primaryimage\"},\"thumbnailUrl\":\"https:\/\/tremblantrestaurants.ca\/wp-content\/uploads\/2019\/04\/eggs.jpg\",\"datePublished\":\"2019-04-02T23:19:43+00:00\",\"author\":{\"@id\":\"https:\/\/tremblantrestaurants.ca\/#\/schema\/person\/ddadd73a8544889801c6f12823a57f61\"},\"breadcrumb\":{\"@id\":\"https:\/\/tremblantrestaurants.ca\/fr\/brunch-de-paques-a-mont-tremblant\/#breadcrumb\"},\"inLanguage\":\"fr-FR\",\"potentialAction\":[{\"@type\":\"ReadAction\",\"target\":[\"https:\/\/tremblantrestaurants.ca\/fr\/brunch-de-paques-a-mont-tremblant\/\"]}]},{\"@type\":\"ImageObject\",\"inLanguage\":\"fr-FR\",\"@id\":\"https:\/\/tremblantrestaurants.ca\/fr\/brunch-de-paques-a-mont-tremblant\/#primaryimage\",\"url\":\"https:\/\/tremblantrestaurants.ca\/wp-content\/uploads\/2019\/04\/eggs.jpg\",\"contentUrl\":\"https:\/\/tremblantrestaurants.ca\/wp-content\/uploads\/2019\/04\/eggs.jpg\",\"width\":815,\"height\":500},{\"@type\":\"BreadcrumbList\",\"@id\":\"https:\/\/tremblantrestaurants.ca\/fr\/brunch-de-paques-a-mont-tremblant\/#breadcrumb\",\"itemListElement\":[{\"@type\":\"ListItem\",\"position\":1,\"name\":\"Home\",\"item\":\"https:\/\/tremblantrestaurants.ca\/fr\/\"},{\"@type\":\"ListItem\",\"position\":2,\"name\":\"Brunch de P\u00e2ques \u00e0 Mont Tremblant\"}]},{\"@type\":\"WebSite\",\"@id\":\"https:\/\/tremblantrestaurants.ca\/#website\",\"url\":\"https:\/\/tremblantrestaurants.ca\/\",\"name\":\"Tremblant Restaurants\",\"description\":\"Guide des restaurants - Cuisine, Commentaires, Photos\",\"potentialAction\":[{\"@type\":\"SearchAction\",\"target\":{\"@type\":\"EntryPoint\",\"urlTemplate\":\"https:\/\/tremblantrestaurants.ca\/?s={search_term_string}\"},\"query-input\":{\"@type\":\"PropertyValueSpecification\",\"valueRequired\":true,\"valueName\":\"search_term_string\"}}],\"inLanguage\":\"fr-FR\"},{\"@type\":\"Person\",\"@id\":\"https:\/\/tremblantrestaurants.ca\/#\/schema\/person\/ddadd73a8544889801c6f12823a57f61\",\"name\":\"Jenny\",\"image\":{\"@type\":\"ImageObject\",\"inLanguage\":\"fr-FR\",\"@id\":\"https:\/\/tremblantrestaurants.ca\/#\/schema\/person\/image\/\",\"url\":\"https:\/\/secure.gravatar.com\/avatar\/2ffbb753d6e3d58031d71f2fff67d19b5185ef314e10954a4904076983a6c5cb?s=96&d=mm&r=g\",\"contentUrl\":\"https:\/\/secure.gravatar.com\/avatar\/2ffbb753d6e3d58031d71f2fff67d19b5185ef314e10954a4904076983a6c5cb?s=96&d=mm&r=g\",\"caption\":\"Jenny\"},\"url\":\"https:\/\/tremblantrestaurants.ca\/fr\/author\/jenny\/\"}]}<\/script>\n<!-- \/ Yoast SEO plugin. -->","yoast_head_json":{"title":"Brunch de P\u00e2ques \u00e0 Mont Tremblant - Tremblant Restaurants","robots":{"index":"index","follow":"follow","max-snippet":"max-snippet:-1","max-image-preview":"max-image-preview:large","max-video-preview":"max-video-preview:-1"},"canonical":"https:\/\/tremblantrestaurants.ca\/fr\/brunch-de-paques-a-mont-tremblant\/","og_locale":"fr_FR","og_type":"article","og_title":"Brunch de P\u00e2ques \u00e0 Mont Tremblant - Tremblant Restaurants","og_description":"P\u00e2ques sera c\u00e9l\u00e9br\u00e9 un peu plus tard cette ann\u00e9e tombant le 3e week-end d&rsquo;avril. Vous avez donc encore le temps...","og_url":"https:\/\/tremblantrestaurants.ca\/fr\/brunch-de-paques-a-mont-tremblant\/","og_site_name":"Tremblant Restaurants","article_publisher":"https:\/\/www.facebook.com\/TremblantRestaurants\/","article_published_time":"2019-04-02T23:19:43+00:00","og_image":[{"width":815,"height":500,"url":"https:\/\/tremblantrestaurants.ca\/wp-content\/uploads\/2019\/04\/eggs.jpg","type":"image\/jpeg"}],"author":"Jenny","twitter_card":"summary_large_image","twitter_misc":{"\u00c9crit par":"Jenny","Dur\u00e9e de lecture estim\u00e9e":"2 minutes"},"schema":{"@context":"https:\/\/schema.org","@graph":[{"@type":"Article","@id":"https:\/\/tremblantrestaurants.ca\/fr\/brunch-de-paques-a-mont-tremblant\/#article","isPartOf":{"@id":"https:\/\/tremblantrestaurants.ca\/fr\/brunch-de-paques-a-mont-tremblant\/"},"author":{"name":"Jenny","@id":"https:\/\/tremblantrestaurants.ca\/#\/schema\/person\/ddadd73a8544889801c6f12823a57f61"},"headline":"Brunch de P\u00e2ques \u00e0 Mont Tremblant","datePublished":"2019-04-02T23:19:43+00:00","mainEntityOfPage":{"@id":"https:\/\/tremblantrestaurants.ca\/fr\/brunch-de-paques-a-mont-tremblant\/"},"wordCount":462,"commentCount":0,"image":{"@id":"https:\/\/tremblantrestaurants.ca\/fr\/brunch-de-paques-a-mont-tremblant\/#primaryimage"},"thumbnailUrl":"https:\/\/tremblantrestaurants.ca\/wp-content\/uploads\/2019\/04\/eggs.jpg","articleSection":["Articles"],"inLanguage":"fr-FR","potentialAction":[{"@type":"CommentAction","name":"Comment","target":["https:\/\/tremblantrestaurants.ca\/fr\/brunch-de-paques-a-mont-tremblant\/#respond"]}]},{"@type":"WebPage","@id":"https:\/\/tremblantrestaurants.ca\/fr\/brunch-de-paques-a-mont-tremblant\/","url":"https:\/\/tremblantrestaurants.ca\/fr\/brunch-de-paques-a-mont-tremblant\/","name":"Brunch de P\u00e2ques \u00e0 Mont Tremblant - Tremblant Restaurants","isPartOf":{"@id":"https:\/\/tremblantrestaurants.ca\/#website"},"primaryImageOfPage":{"@id":"https:\/\/tremblantrestaurants.ca\/fr\/brunch-de-paques-a-mont-tremblant\/#primaryimage"},"image":{"@id":"https:\/\/tremblantrestaurants.ca\/fr\/brunch-de-paques-a-mont-tremblant\/#primaryimage"},"thumbnailUrl":"https:\/\/tremblantrestaurants.ca\/wp-content\/uploads\/2019\/04\/eggs.jpg","datePublished":"2019-04-02T23:19:43+00:00","author":{"@id":"https:\/\/tremblantrestaurants.ca\/#\/schema\/person\/ddadd73a8544889801c6f12823a57f61"},"breadcrumb":{"@id":"https:\/\/tremblantrestaurants.ca\/fr\/brunch-de-paques-a-mont-tremblant\/#breadcrumb"},"inLanguage":"fr-FR","potentialAction":[{"@type":"ReadAction","target":["https:\/\/tremblantrestaurants.ca\/fr\/brunch-de-paques-a-mont-tremblant\/"]}]},{"@type":"ImageObject","inLanguage":"fr-FR","@id":"https:\/\/tremblantrestaurants.ca\/fr\/brunch-de-paques-a-mont-tremblant\/#primaryimage","url":"https:\/\/tremblantrestaurants.ca\/wp-content\/uploads\/2019\/04\/eggs.jpg","contentUrl":"https:\/\/tremblantrestaurants.ca\/wp-content\/uploads\/2019\/04\/eggs.jpg","width":815,"height":500},{"@type":"BreadcrumbList","@id":"https:\/\/tremblantrestaurants.ca\/fr\/brunch-de-paques-a-mont-tremblant\/#breadcrumb","itemListElement":[{"@type":"ListItem","position":1,"name":"Home","item":"https:\/\/tremblantrestaurants.ca\/fr\/"},{"@type":"ListItem","position":2,"name":"Brunch de P\u00e2ques \u00e0 Mont Tremblant"}]},{"@type":"WebSite","@id":"https:\/\/tremblantrestaurants.ca\/#website","url":"https:\/\/tremblantrestaurants.ca\/","name":"Tremblant Restaurants","description":"Guide des restaurants - Cuisine, Commentaires, Photos","potentialAction":[{"@type":"SearchAction","target":{"@type":"EntryPoint","urlTemplate":"https:\/\/tremblantrestaurants.ca\/?s={search_term_string}"},"query-input":{"@type":"PropertyValueSpecification","valueRequired":true,"valueName":"search_term_string"}}],"inLanguage":"fr-FR"},{"@type":"Person","@id":"https:\/\/tremblantrestaurants.ca\/#\/schema\/person\/ddadd73a8544889801c6f12823a57f61","name":"Jenny","image":{"@type":"ImageObject","inLanguage":"fr-FR","@id":"https:\/\/tremblantrestaurants.ca\/#\/schema\/person\/image\/","url":"https:\/\/secure.gravatar.com\/avatar\/2ffbb753d6e3d58031d71f2fff67d19b5185ef314e10954a4904076983a6c5cb?s=96&d=mm&r=g","contentUrl":"https:\/\/secure.gravatar.com\/avatar\/2ffbb753d6e3d58031d71f2fff67d19b5185ef314e10954a4904076983a6c5cb?s=96&d=mm&r=g","caption":"Jenny"},"url":"https:\/\/tremblantrestaurants.ca\/fr\/author\/jenny\/"}]}},"jetpack_featured_media_url":"https:\/\/tremblantrestaurants.ca\/wp-content\/uploads\/2019\/04\/eggs.jpg","_links":{"self":[{"href":"https:\/\/tremblantrestaurants.ca\/fr\/wp-json\/wp\/v2\/posts\/6215","targetHints":{"allow":["GET"]}}],"collection":[{"href":"https:\/\/tremblantrestaurants.ca\/fr\/wp-json\/wp\/v2\/posts"}],"about":[{"href":"https:\/\/tremblantrestaurants.ca\/fr\/wp-json\/wp\/v2\/types\/post"}],"author":[{"embeddable":true,"href":"https:\/\/tremblantrestaurants.ca\/fr\/wp-json\/wp\/v2\/users\/4"}],"replies":[{"embeddable":true,"href":"https:\/\/tremblantrestaurants.ca\/fr\/wp-json\/wp\/v2\/comments?post=6215"}],"version-history":[{"count":8,"href":"https:\/\/tremblantrestaurants.ca\/fr\/wp-json\/wp\/v2\/posts\/6215\/revisions"}],"predecessor-version":[{"id":6242,"href":"https:\/\/tremblantrestaurants.ca\/fr\/wp-json\/wp\/v2\/posts\/6215\/revisions\/6242"}],"wp:featuredmedia":[{"embeddable":true,"href":"https:\/\/tremblantrestaurants.ca\/fr\/wp-json\/wp\/v2\/media\/6228"}],"wp:attachment":[{"href":"https:\/\/tremblantrestaurants.ca\/fr\/wp-json\/wp\/v2\/media?parent=6215"}],"wp:term":[{"taxonomy":"category","embeddable":true,"href":"https:\/\/tremblantrestaurants.ca\/fr\/wp-json\/wp\/v2\/categories?post=6215"},{"taxonomy":"post_tag","embeddable":true,"href":"https:\/\/tremblantrestaurants.ca\/fr\/wp-json\/wp\/v2\/tags?post=6215"}],"curies":[{"name":"wp","href":"https:\/\/api.w.org\/{rel}","templated":true}]}}